{"id":13125,"date":"2023-09-20T15:19:11","date_gmt":"2023-09-20T18:19:11","guid":{"rendered":"https:\/\/enala.com.br\/?p=13125"},"modified":"2023-09-20T15:19:14","modified_gmt":"2023-09-20T18:19:14","slug":"samia-araujo-dos-santos-ufc","status":"publish","type":"post","link":"https:\/\/enala.com.br\/2023\/convidados\/samia-araujo-dos-santos-ufc\/","title":{"rendered":"S\u00e2mia Ara\u00fajo dos Santos (UFC)"},"content":{"rendered":"\n<p>Possui gradua\u00e7\u00e3o em Letras pela Universidade Estadual do Cear\u00e1 (UECE), mestrado em Lingu\u00edstica pela Universidade Federal do Cear\u00e1 (UFC) e doutorado em Lingu\u00edstica Aplicada pela UECE. Integrante do PROTEXTO &#8211; Grupo de Pesquisa em Lingu\u00edstica &#8211; UFC. Professora da Seduc &#8211; Secretaria de Educa\u00e7\u00e3o do Estado do Cear\u00e1 -, do Mestrado Profissional em Letras\/UFC e colaborada na Especializa\u00e7\u00e3o Ensino de L\u00edngua Portuguesa na UECE. Agente de Gest\u00e3o da Inova\u00e7\u00e3o Educacional da SEFOR 2\/Seduc\/CE. Desenvolve pesquisas na \u00e1rea de Lingu\u00edstica de Texto e de Lingu\u00edstica Aplicada com \u00eanfase em Metadiscurso na perspectiva interativa, Compreens\u00e3o Leitora, G\u00eaneros Textuais, Referencia\u00e7\u00e3o e Avaliatividade aplicadas ao ensino e \u00e0 elabora\u00e7\u00e3o de material did\u00e1tico.<strong>\u00a0<\/strong><\/p>\n","protected":false},"excerpt":{"rendered":"<p>Possui gradua\u00e7\u00e3o em Letras pela Universidade Estadual do Cear\u00e1 (UECE), mestrado em Lingu\u00edstica pela Universidade Federal do Cear\u00e1 (UFC) e doutorado em Lingu\u00edstica Aplicada pela UECE. Integrante do PROTEXTO &#8211; Grupo de Pesquisa em Lingu\u00edstica &#8211; UFC. Professora da Seduc &#8211; Secretaria de Educa\u00e7\u00e3o do Estado do Cear\u00e1 -, do Mestrado Profissional em Letras\/UFC e [&hellip;]<\/p>\n","protected":false},"author":1,"featured_media":11858,"comment_status":"open","ping_status":"open","sticky":false,"template":"","format":"standard","meta":{"ngg_post_thumbnail":0,"footnotes":""},"categories":[111],"tags":[],"post_folder":[],"acf":[],"yoast_head":"<!-- This site is optimized with the Yoast SEO plugin v21.2 - https:\/\/yoast.com\/wordpress\/plugins\/seo\/ -->\n<title>S\u00e2mia Ara\u00fajo dos Santos (UFC) - II ENALA - Encontro Nacional de Lingu\u00edstica Aplicada<\/title>\n<meta name=\"robots\" content=\"index, follow, max-snippet:-1, max-image-preview:large, max-video-preview:-1\" \/>\n<link rel=\"canonical\" href=\"https:\/\/enala.com.br\/2023\/convidados\/samia-araujo-dos-santos-ufc\/\" \/>\n<meta property=\"og:locale\" content=\"pt_BR\" \/>\n<meta property=\"og:type\" content=\"article\" \/>\n<meta property=\"og:title\" content=\"S\u00e2mia Ara\u00fajo dos Santos (UFC) - II ENALA - Encontro Nacional de Lingu\u00edstica Aplicada\" \/>\n<meta property=\"og:description\" content=\"Possui gradua\u00e7\u00e3o em Letras pela Universidade Estadual do Cear\u00e1 (UECE), mestrado em Lingu\u00edstica pela Universidade Federal do Cear\u00e1 (UFC) e doutorado em Lingu\u00edstica Aplicada pela UECE. Integrante do PROTEXTO &#8211; Grupo de Pesquisa em Lingu\u00edstica &#8211; UFC. Professora da Seduc &#8211; Secretaria de Educa\u00e7\u00e3o do Estado do Cear\u00e1 -, do Mestrado Profissional em Letras\/UFC e [&hellip;]\" \/>\n<meta property=\"og:url\" content=\"https:\/\/enala.com.br\/2023\/convidados\/samia-araujo-dos-santos-ufc\/\" \/>\n<meta property=\"og:site_name\" content=\"II ENALA - Encontro Nacional de Lingu\u00edstica Aplicada\" \/>\n<meta property=\"article:publisher\" content=\"https:\/\/www.facebook.com\/gedeall.ufal\" \/>\n<meta property=\"article:published_time\" content=\"2023-09-20T18:19:11+00:00\" \/>\n<meta property=\"article:modified_time\" content=\"2023-09-20T18:19:14+00:00\" \/>\n<meta property=\"og:image\" content=\"https:\/\/mlftgx9lfndb.i.optimole.com\/w:auto\/h:auto\/q:mauto\/f:best\/https:\/\/enala.com.br\/2023\/wp-content\/uploads\/2023\/07\/SAMIA.jpg\" \/>\n\t<meta property=\"og:image:width\" content=\"600\" \/>\n\t<meta property=\"og:image:height\" content=\"600\" \/>\n\t<meta property=\"og:image:type\" content=\"image\/jpeg\" \/>\n<meta name=\"author\" content=\"enala2023\" \/>\n<meta name=\"twitter:card\" content=\"summary_large_image\" \/>\n<meta name=\"twitter:label1\" content=\"Escrito por\" \/>\n\t<meta name=\"twitter:data1\" content=\"enala2023\" \/>\n\t<meta name=\"twitter:label2\" content=\"Est. tempo de leitura\" \/>\n\t<meta name=\"twitter:data2\" content=\"1 minuto\" \/>\n<script type=\"application\/ld+json\" class=\"yoast-schema-graph\">{\"@context\":\"https:\/\/schema.org\",\"@graph\":[{\"@type\":\"Article\",\"@id\":\"https:\/\/enala.com.br\/2023\/convidados\/samia-araujo-dos-santos-ufc\/#article\",\"isPartOf\":{\"@id\":\"https:\/\/enala.com.br\/2023\/convidados\/samia-araujo-dos-santos-ufc\/\"},\"author\":{\"name\":\"enala2023\",\"@id\":\"https:\/\/enala.com.br\/2023\/#\/schema\/person\/5f67c7e50fbbf29cb17d08414c3323a7\"},\"headline\":\"S\u00e2mia Ara\u00fajo dos Santos (UFC)\",\"datePublished\":\"2023-09-20T18:19:11+00:00\",\"dateModified\":\"2023-09-20T18:19:14+00:00\",\"mainEntityOfPage\":{\"@id\":\"https:\/\/enala.com.br\/2023\/convidados\/samia-araujo-dos-santos-ufc\/\"},\"wordCount\":132,\"commentCount\":0,\"publisher\":{\"@id\":\"https:\/\/enala.com.br\/2023\/#organization\"},\"articleSection\":[\"Convidados\"],\"inLanguage\":\"pt-BR\",\"potentialAction\":[{\"@type\":\"CommentAction\",\"name\":\"Comment\",\"target\":[\"https:\/\/enala.com.br\/2023\/convidados\/samia-araujo-dos-santos-ufc\/#respond\"]}]},{\"@type\":\"WebPage\",\"@id\":\"https:\/\/enala.com.br\/2023\/convidados\/samia-araujo-dos-santos-ufc\/\",\"url\":\"https:\/\/enala.com.br\/2023\/convidados\/samia-araujo-dos-santos-ufc\/\",\"name\":\"S\u00e2mia Ara\u00fajo dos Santos (UFC) - II ENALA - Encontro Nacional de Lingu\u00edstica Aplicada\",\"isPartOf\":{\"@id\":\"https:\/\/enala.com.br\/2023\/#website\"},\"datePublished\":\"2023-09-20T18:19:11+00:00\",\"dateModified\":\"2023-09-20T18:19:14+00:00\",\"breadcrumb\":{\"@id\":\"https:\/\/enala.com.br\/2023\/convidados\/samia-araujo-dos-santos-ufc\/#breadcrumb\"},\"inLanguage\":\"pt-BR\",\"potentialAction\":[{\"@type\":\"ReadAction\",\"target\":[\"https:\/\/enala.com.br\/2023\/convidados\/samia-araujo-dos-santos-ufc\/\"]}]},{\"@type\":\"BreadcrumbList\",\"@id\":\"https:\/\/enala.com.br\/2023\/convidados\/samia-araujo-dos-santos-ufc\/#breadcrumb\",\"itemListElement\":[{\"@type\":\"ListItem\",\"position\":1,\"name\":\"In\u00edcio\",\"item\":\"https:\/\/enala.com.br\/2023\/\"},{\"@type\":\"ListItem\",\"position\":2,\"name\":\"Convidados\",\"item\":\"https:\/\/enala.com.br\/2023\/category\/convidados\/\"},{\"@type\":\"ListItem\",\"position\":3,\"name\":\"S\u00e2mia Ara\u00fajo dos Santos (UFC)\"}]},{\"@type\":\"WebSite\",\"@id\":\"https:\/\/enala.com.br\/2023\/#website\",\"url\":\"https:\/\/enala.com.br\/2023\/\",\"name\":\"II ENALA - Encontro Nacional de Lingu\u00edstica Aplicada\",\"description\":\"Site oficial do Encontro Nacional de Lingu\u00edstica Aplicada, evento bienal, realizado pelo Grupo de Estudos Discurso, Ensino e Aprendizagem de L\u00ednguas e Literaturas, vinculado ao Programa de P\u00f3s-Gradua\u00e7\u00e3o em Lingu\u00edstica e Literatura (PPGLL) da Universidade Federal de Alagoas (UFAL)\",\"publisher\":{\"@id\":\"https:\/\/enala.com.br\/2023\/#organization\"},\"potentialAction\":[{\"@type\":\"SearchAction\",\"target\":{\"@type\":\"EntryPoint\",\"urlTemplate\":\"https:\/\/enala.com.br\/2023\/?s={search_term_string}\"},\"query-input\":\"required name=search_term_string\"}],\"inLanguage\":\"pt-BR\"},{\"@type\":\"Organization\",\"@id\":\"https:\/\/enala.com.br\/2023\/#organization\",\"name\":\"II Enala\",\"url\":\"https:\/\/enala.com.br\/2023\/\",\"logo\":{\"@type\":\"ImageObject\",\"inLanguage\":\"pt-BR\",\"@id\":\"https:\/\/enala.com.br\/2023\/#\/schema\/logo\/image\/\",\"url\":\"https:\/\/mlftgx9lfndb.i.optimole.com\/w:auto\/h:auto\/q:mauto\/f:best\/https:\/\/enala.com.br\/2023\/wp-content\/uploads\/2023\/03\/cropped-LOGO-header.png\",\"contentUrl\":\"https:\/\/mlftgx9lfndb.i.optimole.com\/w:auto\/h:auto\/q:mauto\/f:best\/https:\/\/enala.com.br\/2023\/wp-content\/uploads\/2023\/03\/cropped-LOGO-header.png\",\"width\":202,\"height\":58,\"caption\":\"II Enala\"},\"image\":{\"@id\":\"https:\/\/enala.com.br\/2023\/#\/schema\/logo\/image\/\"},\"sameAs\":[\"https:\/\/www.facebook.com\/gedeall.ufal\",\"https:\/\/www.instagram.com\/gedeall.ufal\",\"https:\/\/www.youtube.com\/gedeall\"]},{\"@type\":\"Person\",\"@id\":\"https:\/\/enala.com.br\/2023\/#\/schema\/person\/5f67c7e50fbbf29cb17d08414c3323a7\",\"name\":\"enala2023\",\"image\":{\"@type\":\"ImageObject\",\"inLanguage\":\"pt-BR\",\"@id\":\"https:\/\/enala.com.br\/2023\/#\/schema\/person\/image\/\",\"url\":\"https:\/\/mlftgx9lfndb.i.optimole.com\/w:auto\/h:auto\/q:mauto\/f:best\/https:\/\/enala.com.br\/2023\/wp-content\/litespeed\/avatar\/8f8ac8b1f365d9bac9f5d491607b1b46.jpg?ver=1777546125\",\"contentUrl\":\"https:\/\/mlftgx9lfndb.i.optimole.com\/w:auto\/h:auto\/q:mauto\/f:best\/https:\/\/enala.com.br\/2023\/wp-content\/litespeed\/avatar\/8f8ac8b1f365d9bac9f5d491607b1b46.jpg?ver=1777546125\",\"caption\":\"enala2023\"},\"sameAs\":[\"https:\/\/enala.com.br\"],\"url\":\"https:\/\/enala.com.br\/2023\/author\/enala2023\/\"}]}<\/script>\n<!-- \/ Yoast SEO plugin. -->","yoast_head_json":{"title":"S\u00e2mia Ara\u00fajo dos Santos (UFC) - II ENALA - Encontro Nacional de Lingu\u00edstica Aplicada","robots":{"index":"index","follow":"follow","max-snippet":"max-snippet:-1","max-image-preview":"max-image-preview:large","max-video-preview":"max-video-preview:-1"},"canonical":"https:\/\/enala.com.br\/2023\/convidados\/samia-araujo-dos-santos-ufc\/","og_locale":"pt_BR","og_type":"article","og_title":"S\u00e2mia Ara\u00fajo dos Santos (UFC) - II ENALA - Encontro Nacional de Lingu\u00edstica Aplicada","og_description":"Possui gradua\u00e7\u00e3o em Letras pela Universidade Estadual do Cear\u00e1 (UECE), mestrado em Lingu\u00edstica pela Universidade Federal do Cear\u00e1 (UFC) e doutorado em Lingu\u00edstica Aplicada pela UECE. Integrante do PROTEXTO &#8211; Grupo de Pesquisa em Lingu\u00edstica &#8211; UFC. Professora da Seduc &#8211; Secretaria de Educa\u00e7\u00e3o do Estado do Cear\u00e1 -, do Mestrado Profissional em Letras\/UFC e [&hellip;]","og_url":"https:\/\/enala.com.br\/2023\/convidados\/samia-araujo-dos-santos-ufc\/","og_site_name":"II ENALA - Encontro Nacional de Lingu\u00edstica Aplicada","article_publisher":"https:\/\/www.facebook.com\/gedeall.ufal","article_published_time":"2023-09-20T18:19:11+00:00","article_modified_time":"2023-09-20T18:19:14+00:00","og_image":[{"width":600,"height":600,"url":"https:\/\/mlftgx9lfndb.i.optimole.com\/w:auto\/h:auto\/q:mauto\/f:best\/https:\/\/enala.com.br\/2023\/wp-content\/uploads\/2023\/07\/SAMIA.jpg","type":"image\/jpeg"}],"author":"enala2023","twitter_card":"summary_large_image","twitter_misc":{"Escrito por":"enala2023","Est. tempo de leitura":"1 minuto"},"schema":{"@context":"https:\/\/schema.org","@graph":[{"@type":"Article","@id":"https:\/\/enala.com.br\/2023\/convidados\/samia-araujo-dos-santos-ufc\/#article","isPartOf":{"@id":"https:\/\/enala.com.br\/2023\/convidados\/samia-araujo-dos-santos-ufc\/"},"author":{"name":"enala2023","@id":"https:\/\/enala.com.br\/2023\/#\/schema\/person\/5f67c7e50fbbf29cb17d08414c3323a7"},"headline":"S\u00e2mia Ara\u00fajo dos Santos (UFC)","datePublished":"2023-09-20T18:19:11+00:00","dateModified":"2023-09-20T18:19:14+00:00","mainEntityOfPage":{"@id":"https:\/\/enala.com.br\/2023\/convidados\/samia-araujo-dos-santos-ufc\/"},"wordCount":132,"commentCount":0,"publisher":{"@id":"https:\/\/enala.com.br\/2023\/#organization"},"articleSection":["Convidados"],"inLanguage":"pt-BR","potentialAction":[{"@type":"CommentAction","name":"Comment","target":["https:\/\/enala.com.br\/2023\/convidados\/samia-araujo-dos-santos-ufc\/#respond"]}]},{"@type":"WebPage","@id":"https:\/\/enala.com.br\/2023\/convidados\/samia-araujo-dos-santos-ufc\/","url":"https:\/\/enala.com.br\/2023\/convidados\/samia-araujo-dos-santos-ufc\/","name":"S\u00e2mia Ara\u00fajo dos Santos (UFC) - II ENALA - Encontro Nacional de Lingu\u00edstica Aplicada","isPartOf":{"@id":"https:\/\/enala.com.br\/2023\/#website"},"datePublished":"2023-09-20T18:19:11+00:00","dateModified":"2023-09-20T18:19:14+00:00","breadcrumb":{"@id":"https:\/\/enala.com.br\/2023\/convidados\/samia-araujo-dos-santos-ufc\/#breadcrumb"},"inLanguage":"pt-BR","potentialAction":[{"@type":"ReadAction","target":["https:\/\/enala.com.br\/2023\/convidados\/samia-araujo-dos-santos-ufc\/"]}]},{"@type":"BreadcrumbList","@id":"https:\/\/enala.com.br\/2023\/convidados\/samia-araujo-dos-santos-ufc\/#breadcrumb","itemListElement":[{"@type":"ListItem","position":1,"name":"In\u00edcio","item":"https:\/\/enala.com.br\/2023\/"},{"@type":"ListItem","position":2,"name":"Convidados","item":"https:\/\/enala.com.br\/2023\/category\/convidados\/"},{"@type":"ListItem","position":3,"name":"S\u00e2mia Ara\u00fajo dos Santos (UFC)"}]},{"@type":"WebSite","@id":"https:\/\/enala.com.br\/2023\/#website","url":"https:\/\/enala.com.br\/2023\/","name":"II ENALA - Encontro Nacional de Lingu\u00edstica Aplicada","description":"Site oficial do Encontro Nacional de Lingu\u00edstica Aplicada, evento bienal, realizado pelo Grupo de Estudos Discurso, Ensino e Aprendizagem de L\u00ednguas e Literaturas, vinculado ao Programa de P\u00f3s-Gradua\u00e7\u00e3o em Lingu\u00edstica e Literatura (PPGLL) da Universidade Federal de Alagoas (UFAL)","publisher":{"@id":"https:\/\/enala.com.br\/2023\/#organization"},"potentialAction":[{"@type":"SearchAction","target":{"@type":"EntryPoint","urlTemplate":"https:\/\/enala.com.br\/2023\/?s={search_term_string}"},"query-input":"required name=search_term_string"}],"inLanguage":"pt-BR"},{"@type":"Organization","@id":"https:\/\/enala.com.br\/2023\/#organization","name":"II Enala","url":"https:\/\/enala.com.br\/2023\/","logo":{"@type":"ImageObject","inLanguage":"pt-BR","@id":"https:\/\/enala.com.br\/2023\/#\/schema\/logo\/image\/","url":"https:\/\/mlftgx9lfndb.i.optimole.com\/w:auto\/h:auto\/q:mauto\/f:best\/https:\/\/enala.com.br\/2023\/wp-content\/uploads\/2023\/03\/cropped-LOGO-header.png","contentUrl":"https:\/\/mlftgx9lfndb.i.optimole.com\/w:auto\/h:auto\/q:mauto\/f:best\/https:\/\/enala.com.br\/2023\/wp-content\/uploads\/2023\/03\/cropped-LOGO-header.png","width":202,"height":58,"caption":"II Enala"},"image":{"@id":"https:\/\/enala.com.br\/2023\/#\/schema\/logo\/image\/"},"sameAs":["https:\/\/www.facebook.com\/gedeall.ufal","https:\/\/www.instagram.com\/gedeall.ufal","https:\/\/www.youtube.com\/gedeall"]},{"@type":"Person","@id":"https:\/\/enala.com.br\/2023\/#\/schema\/person\/5f67c7e50fbbf29cb17d08414c3323a7","name":"enala2023","image":{"@type":"ImageObject","inLanguage":"pt-BR","@id":"https:\/\/enala.com.br\/2023\/#\/schema\/person\/image\/","url":"https:\/\/mlftgx9lfndb.i.optimole.com\/w:auto\/h:auto\/q:mauto\/f:best\/https:\/\/enala.com.br\/2023\/wp-content\/litespeed\/avatar\/8f8ac8b1f365d9bac9f5d491607b1b46.jpg?ver=1777546125","contentUrl":"https:\/\/mlftgx9lfndb.i.optimole.com\/w:auto\/h:auto\/q:mauto\/f:best\/https:\/\/enala.com.br\/2023\/wp-content\/litespeed\/avatar\/8f8ac8b1f365d9bac9f5d491607b1b46.jpg?ver=1777546125","caption":"enala2023"},"sameAs":["https:\/\/enala.com.br"],"url":"https:\/\/enala.com.br\/2023\/author\/enala2023\/"}]}},"jetpack_featured_media_url":"https:\/\/mlftgx9lfndb.i.optimole.com\/w:auto\/h:auto\/q:mauto\/f:best\/https:\/\/enala.com.br\/2023\/wp-content\/uploads\/2023\/07\/SAMIA.jpg","_links":{"self":[{"href":"https:\/\/enala.com.br\/2023\/wp-json\/wp\/v2\/posts\/13125"}],"collection":[{"href":"https:\/\/enala.com.br\/2023\/wp-json\/wp\/v2\/posts"}],"about":[{"href":"https:\/\/enala.com.br\/2023\/wp-json\/wp\/v2\/types\/post"}],"author":[{"embeddable":true,"href":"https:\/\/enala.com.br\/2023\/wp-json\/wp\/v2\/users\/1"}],"replies":[{"embeddable":true,"href":"https:\/\/enala.com.br\/2023\/wp-json\/wp\/v2\/comments?post=13125"}],"version-history":[{"count":2,"href":"https:\/\/enala.com.br\/2023\/wp-json\/wp\/v2\/posts\/13125\/revisions"}],"predecessor-version":[{"id":13127,"href":"https:\/\/enala.com.br\/2023\/wp-json\/wp\/v2\/posts\/13125\/revisions\/13127"}],"wp:featuredmedia":[{"embeddable":true,"href":"https:\/\/enala.com.br\/2023\/wp-json\/wp\/v2\/media\/11858"}],"wp:attachment":[{"href":"https:\/\/enala.com.br\/2023\/wp-json\/wp\/v2\/media?parent=13125"}],"wp:term":[{"taxonomy":"category","embeddable":true,"href":"https:\/\/enala.com.br\/2023\/wp-json\/wp\/v2\/categories?post=13125"},{"taxonomy":"post_tag","embeddable":true,"href":"https:\/\/enala.com.br\/2023\/wp-json\/wp\/v2\/tags?post=13125"},{"taxonomy":"post_folder","embeddable":true,"href":"https:\/\/enala.com.br\/2023\/wp-json\/wp\/v2\/post_folder?post=13125"}],"curies":[{"name":"wp","href":"https:\/\/api.w.org\/{rel}","templated":true}]}}