{"id":13122,"date":"2023-09-20T15:16:00","date_gmt":"2023-09-20T18:16:00","guid":{"rendered":"https:\/\/enala.com.br\/?p=13122"},"modified":"2023-09-20T15:16:05","modified_gmt":"2023-09-20T18:16:05","slug":"pedro-gustavo-rieger-ufal","status":"publish","type":"post","link":"https:\/\/enala.com.br\/2023\/convidados\/pedro-gustavo-rieger-ufal\/","title":{"rendered":"Pedro Gustavo Rieger (UFAL)"},"content":{"rendered":"\n<p>Professor Adjunto da licenciatura em Letras &#8211; Ingl\u00eas na Universidade Federal de Alagoas. Possuo doutorado em Ingl\u00eas: Estudos Lingu\u00edsticos e Liter\u00e1rios (\u00e1rea de concentra\u00e7\u00e3o: Estudos da Linguagem) e mestrado em Ingl\u00eas: Estudos Lingu\u00edsticos e Liter\u00e1rios pelo Programa de p\u00f3s-gradua\u00e7\u00e3o em Ingl\u00eas da Universidade Federal de Santa Catarina, bem como gradua\u00e7\u00e3o em Letras &#8211; Ingl\u00eas pelo Departamento de L\u00edngua e Literatura Estrangeiras da Universidade Federal de Santa Catarina. Atualmente, sou pesquisador do N\u00facleo de Estudos de G\u00eanero atrav\u00e9s da Linguagem (NuGaL\/UFSC); membro do grupo de pesquisa GEDEALL &#8211; Grupo de Estudos Discurso, Ensino e Aprendizagem de L\u00ednguas e Literaturas (UFAL); e membro titular do colegiado de Letras Ingl\u00eas &#8211; presencial da Universidade Federal de Alagoas. \u00c1reas de atua\u00e7\u00e3o: estudos cr\u00edticos do discurso; linguagem e sa\u00fade; linguagem e g\u00eanero; ensino-aprendizagem de l\u00edngua inglesa; escrita criativa. E-mail para contato: pedro.rieger@fale.ufal.br<\/p>\n","protected":false},"excerpt":{"rendered":"<p>Professor Adjunto da licenciatura em Letras &#8211; Ingl\u00eas na Universidade Federal de Alagoas. Possuo doutorado em Ingl\u00eas: Estudos Lingu\u00edsticos e Liter\u00e1rios (\u00e1rea de concentra\u00e7\u00e3o: Estudos da Linguagem) e mestrado em Ingl\u00eas: Estudos Lingu\u00edsticos e Liter\u00e1rios pelo Programa de p\u00f3s-gradua\u00e7\u00e3o em Ingl\u00eas da Universidade Federal de Santa Catarina, bem como gradua\u00e7\u00e3o em Letras &#8211; Ingl\u00eas pelo [&hellip;]<\/p>\n","protected":false},"author":1,"featured_media":11845,"comment_status":"open","ping_status":"open","sticky":false,"template":"","format":"standard","meta":{"ngg_post_thumbnail":0,"footnotes":""},"categories":[111],"tags":[],"post_folder":[],"acf":[],"yoast_head":"<!-- This site is optimized with the Yoast SEO plugin v21.2 - https:\/\/yoast.com\/wordpress\/plugins\/seo\/ -->\n<title>Pedro Gustavo Rieger (UFAL) - II ENALA - Encontro Nacional de Lingu\u00edstica Aplicada<\/title>\n<meta name=\"robots\" content=\"index, follow, max-snippet:-1, max-image-preview:large, max-video-preview:-1\" \/>\n<link rel=\"canonical\" href=\"https:\/\/enala.com.br\/2023\/convidados\/pedro-gustavo-rieger-ufal\/\" \/>\n<meta property=\"og:locale\" content=\"pt_BR\" \/>\n<meta property=\"og:type\" content=\"article\" \/>\n<meta property=\"og:title\" content=\"Pedro Gustavo Rieger (UFAL) - II ENALA - Encontro Nacional de Lingu\u00edstica Aplicada\" \/>\n<meta property=\"og:description\" content=\"Professor Adjunto da licenciatura em Letras &#8211; Ingl\u00eas na Universidade Federal de Alagoas. Possuo doutorado em Ingl\u00eas: Estudos Lingu\u00edsticos e Liter\u00e1rios (\u00e1rea de concentra\u00e7\u00e3o: Estudos da Linguagem) e mestrado em Ingl\u00eas: Estudos Lingu\u00edsticos e Liter\u00e1rios pelo Programa de p\u00f3s-gradua\u00e7\u00e3o em Ingl\u00eas da Universidade Federal de Santa Catarina, bem como gradua\u00e7\u00e3o em Letras &#8211; Ingl\u00eas pelo [&hellip;]\" \/>\n<meta property=\"og:url\" content=\"https:\/\/enala.com.br\/2023\/convidados\/pedro-gustavo-rieger-ufal\/\" \/>\n<meta property=\"og:site_name\" content=\"II ENALA - Encontro Nacional de Lingu\u00edstica Aplicada\" \/>\n<meta property=\"article:publisher\" content=\"https:\/\/www.facebook.com\/gedeall.ufal\" \/>\n<meta property=\"article:published_time\" content=\"2023-09-20T18:16:00+00:00\" \/>\n<meta property=\"article:modified_time\" content=\"2023-09-20T18:16:05+00:00\" \/>\n<meta property=\"og:image\" content=\"https:\/\/mlftgx9lfndb.i.optimole.com\/w:auto\/h:auto\/q:mauto\/f:best\/https:\/\/enala.com.br\/2023\/wp-content\/uploads\/2023\/07\/PEDRO.jpg\" \/>\n\t<meta property=\"og:image:width\" content=\"600\" \/>\n\t<meta property=\"og:image:height\" content=\"600\" \/>\n\t<meta property=\"og:image:type\" content=\"image\/jpeg\" \/>\n<meta name=\"author\" content=\"enala2023\" \/>\n<meta name=\"twitter:card\" content=\"summary_large_image\" \/>\n<meta name=\"twitter:label1\" content=\"Escrito por\" \/>\n\t<meta name=\"twitter:data1\" content=\"enala2023\" \/>\n\t<meta name=\"twitter:label2\" content=\"Est. tempo de leitura\" \/>\n\t<meta name=\"twitter:data2\" content=\"1 minuto\" \/>\n<script type=\"application\/ld+json\" class=\"yoast-schema-graph\">{\"@context\":\"https:\/\/schema.org\",\"@graph\":[{\"@type\":\"Article\",\"@id\":\"https:\/\/enala.com.br\/2023\/convidados\/pedro-gustavo-rieger-ufal\/#article\",\"isPartOf\":{\"@id\":\"https:\/\/enala.com.br\/2023\/convidados\/pedro-gustavo-rieger-ufal\/\"},\"author\":{\"name\":\"enala2023\",\"@id\":\"https:\/\/enala.com.br\/2023\/#\/schema\/person\/5f67c7e50fbbf29cb17d08414c3323a7\"},\"headline\":\"Pedro Gustavo Rieger (UFAL)\",\"datePublished\":\"2023-09-20T18:16:00+00:00\",\"dateModified\":\"2023-09-20T18:16:05+00:00\",\"mainEntityOfPage\":{\"@id\":\"https:\/\/enala.com.br\/2023\/convidados\/pedro-gustavo-rieger-ufal\/\"},\"wordCount\":170,\"commentCount\":0,\"publisher\":{\"@id\":\"https:\/\/enala.com.br\/2023\/#organization\"},\"articleSection\":[\"Convidados\"],\"inLanguage\":\"pt-BR\",\"potentialAction\":[{\"@type\":\"CommentAction\",\"name\":\"Comment\",\"target\":[\"https:\/\/enala.com.br\/2023\/convidados\/pedro-gustavo-rieger-ufal\/#respond\"]}]},{\"@type\":\"WebPage\",\"@id\":\"https:\/\/enala.com.br\/2023\/convidados\/pedro-gustavo-rieger-ufal\/\",\"url\":\"https:\/\/enala.com.br\/2023\/convidados\/pedro-gustavo-rieger-ufal\/\",\"name\":\"Pedro Gustavo Rieger (UFAL) - II ENALA - Encontro Nacional de Lingu\u00edstica Aplicada\",\"isPartOf\":{\"@id\":\"https:\/\/enala.com.br\/2023\/#website\"},\"datePublished\":\"2023-09-20T18:16:00+00:00\",\"dateModified\":\"2023-09-20T18:16:05+00:00\",\"breadcrumb\":{\"@id\":\"https:\/\/enala.com.br\/2023\/convidados\/pedro-gustavo-rieger-ufal\/#breadcrumb\"},\"inLanguage\":\"pt-BR\",\"potentialAction\":[{\"@type\":\"ReadAction\",\"target\":[\"https:\/\/enala.com.br\/2023\/convidados\/pedro-gustavo-rieger-ufal\/\"]}]},{\"@type\":\"BreadcrumbList\",\"@id\":\"https:\/\/enala.com.br\/2023\/convidados\/pedro-gustavo-rieger-ufal\/#breadcrumb\",\"itemListElement\":[{\"@type\":\"ListItem\",\"position\":1,\"name\":\"In\u00edcio\",\"item\":\"https:\/\/enala.com.br\/2023\/\"},{\"@type\":\"ListItem\",\"position\":2,\"name\":\"Convidados\",\"item\":\"https:\/\/enala.com.br\/2023\/category\/convidados\/\"},{\"@type\":\"ListItem\",\"position\":3,\"name\":\"Pedro Gustavo Rieger (UFAL)\"}]},{\"@type\":\"WebSite\",\"@id\":\"https:\/\/enala.com.br\/2023\/#website\",\"url\":\"https:\/\/enala.com.br\/2023\/\",\"name\":\"II ENALA - Encontro Nacional de Lingu\u00edstica Aplicada\",\"description\":\"Site oficial do Encontro Nacional de Lingu\u00edstica Aplicada, evento bienal, realizado pelo Grupo de Estudos Discurso, Ensino e Aprendizagem de L\u00ednguas e Literaturas, vinculado ao Programa de P\u00f3s-Gradua\u00e7\u00e3o em Lingu\u00edstica e Literatura (PPGLL) da Universidade Federal de Alagoas (UFAL)\",\"publisher\":{\"@id\":\"https:\/\/enala.com.br\/2023\/#organization\"},\"potentialAction\":[{\"@type\":\"SearchAction\",\"target\":{\"@type\":\"EntryPoint\",\"urlTemplate\":\"https:\/\/enala.com.br\/2023\/?s={search_term_string}\"},\"query-input\":\"required name=search_term_string\"}],\"inLanguage\":\"pt-BR\"},{\"@type\":\"Organization\",\"@id\":\"https:\/\/enala.com.br\/2023\/#organization\",\"name\":\"II Enala\",\"url\":\"https:\/\/enala.com.br\/2023\/\",\"logo\":{\"@type\":\"ImageObject\",\"inLanguage\":\"pt-BR\",\"@id\":\"https:\/\/enala.com.br\/2023\/#\/schema\/logo\/image\/\",\"url\":\"https:\/\/mlftgx9lfndb.i.optimole.com\/w:auto\/h:auto\/q:mauto\/f:best\/https:\/\/enala.com.br\/2023\/wp-content\/uploads\/2023\/03\/cropped-LOGO-header.png\",\"contentUrl\":\"https:\/\/mlftgx9lfndb.i.optimole.com\/w:auto\/h:auto\/q:mauto\/f:best\/https:\/\/enala.com.br\/2023\/wp-content\/uploads\/2023\/03\/cropped-LOGO-header.png\",\"width\":202,\"height\":58,\"caption\":\"II Enala\"},\"image\":{\"@id\":\"https:\/\/enala.com.br\/2023\/#\/schema\/logo\/image\/\"},\"sameAs\":[\"https:\/\/www.facebook.com\/gedeall.ufal\",\"https:\/\/www.instagram.com\/gedeall.ufal\",\"https:\/\/www.youtube.com\/gedeall\"]},{\"@type\":\"Person\",\"@id\":\"https:\/\/enala.com.br\/2023\/#\/schema\/person\/5f67c7e50fbbf29cb17d08414c3323a7\",\"name\":\"enala2023\",\"image\":{\"@type\":\"ImageObject\",\"inLanguage\":\"pt-BR\",\"@id\":\"https:\/\/enala.com.br\/2023\/#\/schema\/person\/image\/\",\"url\":\"https:\/\/mlftgx9lfndb.i.optimole.com\/w:auto\/h:auto\/q:mauto\/f:best\/https:\/\/enala.com.br\/2023\/wp-content\/litespeed\/avatar\/8f8ac8b1f365d9bac9f5d491607b1b46.jpg?ver=1777546125\",\"contentUrl\":\"https:\/\/mlftgx9lfndb.i.optimole.com\/w:auto\/h:auto\/q:mauto\/f:best\/https:\/\/enala.com.br\/2023\/wp-content\/litespeed\/avatar\/8f8ac8b1f365d9bac9f5d491607b1b46.jpg?ver=1777546125\",\"caption\":\"enala2023\"},\"sameAs\":[\"https:\/\/enala.com.br\"],\"url\":\"https:\/\/enala.com.br\/2023\/author\/enala2023\/\"}]}<\/script>\n<!-- \/ Yoast SEO plugin. -->","yoast_head_json":{"title":"Pedro Gustavo Rieger (UFAL) - II ENALA - Encontro Nacional de Lingu\u00edstica Aplicada","robots":{"index":"index","follow":"follow","max-snippet":"max-snippet:-1","max-image-preview":"max-image-preview:large","max-video-preview":"max-video-preview:-1"},"canonical":"https:\/\/enala.com.br\/2023\/convidados\/pedro-gustavo-rieger-ufal\/","og_locale":"pt_BR","og_type":"article","og_title":"Pedro Gustavo Rieger (UFAL) - II ENALA - Encontro Nacional de Lingu\u00edstica Aplicada","og_description":"Professor Adjunto da licenciatura em Letras &#8211; Ingl\u00eas na Universidade Federal de Alagoas. Possuo doutorado em Ingl\u00eas: Estudos Lingu\u00edsticos e Liter\u00e1rios (\u00e1rea de concentra\u00e7\u00e3o: Estudos da Linguagem) e mestrado em Ingl\u00eas: Estudos Lingu\u00edsticos e Liter\u00e1rios pelo Programa de p\u00f3s-gradua\u00e7\u00e3o em Ingl\u00eas da Universidade Federal de Santa Catarina, bem como gradua\u00e7\u00e3o em Letras &#8211; Ingl\u00eas pelo [&hellip;]","og_url":"https:\/\/enala.com.br\/2023\/convidados\/pedro-gustavo-rieger-ufal\/","og_site_name":"II ENALA - Encontro Nacional de Lingu\u00edstica Aplicada","article_publisher":"https:\/\/www.facebook.com\/gedeall.ufal","article_published_time":"2023-09-20T18:16:00+00:00","article_modified_time":"2023-09-20T18:16:05+00:00","og_image":[{"width":600,"height":600,"url":"https:\/\/mlftgx9lfndb.i.optimole.com\/w:auto\/h:auto\/q:mauto\/f:best\/https:\/\/enala.com.br\/2023\/wp-content\/uploads\/2023\/07\/PEDRO.jpg","type":"image\/jpeg"}],"author":"enala2023","twitter_card":"summary_large_image","twitter_misc":{"Escrito por":"enala2023","Est. tempo de leitura":"1 minuto"},"schema":{"@context":"https:\/\/schema.org","@graph":[{"@type":"Article","@id":"https:\/\/enala.com.br\/2023\/convidados\/pedro-gustavo-rieger-ufal\/#article","isPartOf":{"@id":"https:\/\/enala.com.br\/2023\/convidados\/pedro-gustavo-rieger-ufal\/"},"author":{"name":"enala2023","@id":"https:\/\/enala.com.br\/2023\/#\/schema\/person\/5f67c7e50fbbf29cb17d08414c3323a7"},"headline":"Pedro Gustavo Rieger (UFAL)","datePublished":"2023-09-20T18:16:00+00:00","dateModified":"2023-09-20T18:16:05+00:00","mainEntityOfPage":{"@id":"https:\/\/enala.com.br\/2023\/convidados\/pedro-gustavo-rieger-ufal\/"},"wordCount":170,"commentCount":0,"publisher":{"@id":"https:\/\/enala.com.br\/2023\/#organization"},"articleSection":["Convidados"],"inLanguage":"pt-BR","potentialAction":[{"@type":"CommentAction","name":"Comment","target":["https:\/\/enala.com.br\/2023\/convidados\/pedro-gustavo-rieger-ufal\/#respond"]}]},{"@type":"WebPage","@id":"https:\/\/enala.com.br\/2023\/convidados\/pedro-gustavo-rieger-ufal\/","url":"https:\/\/enala.com.br\/2023\/convidados\/pedro-gustavo-rieger-ufal\/","name":"Pedro Gustavo Rieger (UFAL) - II ENALA - Encontro Nacional de Lingu\u00edstica Aplicada","isPartOf":{"@id":"https:\/\/enala.com.br\/2023\/#website"},"datePublished":"2023-09-20T18:16:00+00:00","dateModified":"2023-09-20T18:16:05+00:00","breadcrumb":{"@id":"https:\/\/enala.com.br\/2023\/convidados\/pedro-gustavo-rieger-ufal\/#breadcrumb"},"inLanguage":"pt-BR","potentialAction":[{"@type":"ReadAction","target":["https:\/\/enala.com.br\/2023\/convidados\/pedro-gustavo-rieger-ufal\/"]}]},{"@type":"BreadcrumbList","@id":"https:\/\/enala.com.br\/2023\/convidados\/pedro-gustavo-rieger-ufal\/#breadcrumb","itemListElement":[{"@type":"ListItem","position":1,"name":"In\u00edcio","item":"https:\/\/enala.com.br\/2023\/"},{"@type":"ListItem","position":2,"name":"Convidados","item":"https:\/\/enala.com.br\/2023\/category\/convidados\/"},{"@type":"ListItem","position":3,"name":"Pedro Gustavo Rieger (UFAL)"}]},{"@type":"WebSite","@id":"https:\/\/enala.com.br\/2023\/#website","url":"https:\/\/enala.com.br\/2023\/","name":"II ENALA - Encontro Nacional de Lingu\u00edstica Aplicada","description":"Site oficial do Encontro Nacional de Lingu\u00edstica Aplicada, evento bienal, realizado pelo Grupo de Estudos Discurso, Ensino e Aprendizagem de L\u00ednguas e Literaturas, vinculado ao Programa de P\u00f3s-Gradua\u00e7\u00e3o em Lingu\u00edstica e Literatura (PPGLL) da Universidade Federal de Alagoas (UFAL)","publisher":{"@id":"https:\/\/enala.com.br\/2023\/#organization"},"potentialAction":[{"@type":"SearchAction","target":{"@type":"EntryPoint","urlTemplate":"https:\/\/enala.com.br\/2023\/?s={search_term_string}"},"query-input":"required name=search_term_string"}],"inLanguage":"pt-BR"},{"@type":"Organization","@id":"https:\/\/enala.com.br\/2023\/#organization","name":"II Enala","url":"https:\/\/enala.com.br\/2023\/","logo":{"@type":"ImageObject","inLanguage":"pt-BR","@id":"https:\/\/enala.com.br\/2023\/#\/schema\/logo\/image\/","url":"https:\/\/mlftgx9lfndb.i.optimole.com\/w:auto\/h:auto\/q:mauto\/f:best\/https:\/\/enala.com.br\/2023\/wp-content\/uploads\/2023\/03\/cropped-LOGO-header.png","contentUrl":"https:\/\/mlftgx9lfndb.i.optimole.com\/w:auto\/h:auto\/q:mauto\/f:best\/https:\/\/enala.com.br\/2023\/wp-content\/uploads\/2023\/03\/cropped-LOGO-header.png","width":202,"height":58,"caption":"II Enala"},"image":{"@id":"https:\/\/enala.com.br\/2023\/#\/schema\/logo\/image\/"},"sameAs":["https:\/\/www.facebook.com\/gedeall.ufal","https:\/\/www.instagram.com\/gedeall.ufal","https:\/\/www.youtube.com\/gedeall"]},{"@type":"Person","@id":"https:\/\/enala.com.br\/2023\/#\/schema\/person\/5f67c7e50fbbf29cb17d08414c3323a7","name":"enala2023","image":{"@type":"ImageObject","inLanguage":"pt-BR","@id":"https:\/\/enala.com.br\/2023\/#\/schema\/person\/image\/","url":"https:\/\/mlftgx9lfndb.i.optimole.com\/w:auto\/h:auto\/q:mauto\/f:best\/https:\/\/enala.com.br\/2023\/wp-content\/litespeed\/avatar\/8f8ac8b1f365d9bac9f5d491607b1b46.jpg?ver=1777546125","contentUrl":"https:\/\/mlftgx9lfndb.i.optimole.com\/w:auto\/h:auto\/q:mauto\/f:best\/https:\/\/enala.com.br\/2023\/wp-content\/litespeed\/avatar\/8f8ac8b1f365d9bac9f5d491607b1b46.jpg?ver=1777546125","caption":"enala2023"},"sameAs":["https:\/\/enala.com.br"],"url":"https:\/\/enala.com.br\/2023\/author\/enala2023\/"}]}},"jetpack_featured_media_url":"https:\/\/mlftgx9lfndb.i.optimole.com\/w:auto\/h:auto\/q:mauto\/f:best\/https:\/\/enala.com.br\/2023\/wp-content\/uploads\/2023\/07\/PEDRO.jpg","_links":{"self":[{"href":"https:\/\/enala.com.br\/2023\/wp-json\/wp\/v2\/posts\/13122"}],"collection":[{"href":"https:\/\/enala.com.br\/2023\/wp-json\/wp\/v2\/posts"}],"about":[{"href":"https:\/\/enala.com.br\/2023\/wp-json\/wp\/v2\/types\/post"}],"author":[{"embeddable":true,"href":"https:\/\/enala.com.br\/2023\/wp-json\/wp\/v2\/users\/1"}],"replies":[{"embeddable":true,"href":"https:\/\/enala.com.br\/2023\/wp-json\/wp\/v2\/comments?post=13122"}],"version-history":[{"count":2,"href":"https:\/\/enala.com.br\/2023\/wp-json\/wp\/v2\/posts\/13122\/revisions"}],"predecessor-version":[{"id":13124,"href":"https:\/\/enala.com.br\/2023\/wp-json\/wp\/v2\/posts\/13122\/revisions\/13124"}],"wp:featuredmedia":[{"embeddable":true,"href":"https:\/\/enala.com.br\/2023\/wp-json\/wp\/v2\/media\/11845"}],"wp:attachment":[{"href":"https:\/\/enala.com.br\/2023\/wp-json\/wp\/v2\/media?parent=13122"}],"wp:term":[{"taxonomy":"category","embeddable":true,"href":"https:\/\/enala.com.br\/2023\/wp-json\/wp\/v2\/categories?post=13122"},{"taxonomy":"post_tag","embeddable":true,"href":"https:\/\/enala.com.br\/2023\/wp-json\/wp\/v2\/tags?post=13122"},{"taxonomy":"post_folder","embeddable":true,"href":"https:\/\/enala.com.br\/2023\/wp-json\/wp\/v2\/post_folder?post=13122"}],"curies":[{"name":"wp","href":"https:\/\/api.w.org\/{rel}","templated":true}]}}