{"id":13119,"date":"2023-09-20T15:14:47","date_gmt":"2023-09-20T18:14:47","guid":{"rendered":"https:\/\/enala.com.br\/?p=13119"},"modified":"2023-09-20T15:18:20","modified_gmt":"2023-09-20T18:18:20","slug":"silvio-nunes-da-silva-junior-upe","status":"publish","type":"post","link":"https:\/\/enala.com.br\/2023\/convidados\/silvio-nunes-da-silva-junior-upe\/","title":{"rendered":"Silvio Nunes da Silva J\u00fanior (UPE)"},"content":{"rendered":"\n<p>Professor Adjunto de L\u00edngua Portuguesa e Pr\u00e1ticas de Ensino da Universidade de Pernambuco (UPE\/Campus Garanhuns). Doutor e mestre em Lingu\u00edstica pelo Programa de P\u00f3s-gradua\u00e7\u00e3o em Lingu\u00edstica e Literatura da Universidade Federal de Alagoas (PPGLL\/UFAL). Realizou p\u00f3s-doutorado no Programa de P\u00f3s-gradua\u00e7\u00e3o Mestrado em Educa\u00e7\u00e3o, Cultura e Territ\u00f3rios Semi\u00e1ridos da Universidade do Estado da Bahia (PPGESA\/UNEB) e no Programa de Mestrado Profissional em Letras da Universidade de Pernambuco (PROFLETRAS\/UPE). \u00c9 membro do GT Ensino e Aprendizagem na perspectiva da Lingu\u00edstica Aplicada da Associa\u00e7\u00e3o Nacional de P\u00f3s-gradua\u00e7\u00e3o e Pesquisa em Letras e Lingu\u00edstica (EAPLA\/ANPOLL). Pesquisador do Grupo de Estudos Discurso, Ensino e Aprendizagem de L\u00ednguas e Literaturas (GEDEALL\/CNPq\/UFAL) e um dos l\u00edderes do Grupo de Estudo das Narrativas Alagoanas (GENA\/CNPq\/UNEAL). Concentra suas pesquisas na \u00e1rea da Lingu\u00edstica Aplicada, com \u00eanfase nos seguintes temas: ensino e aprendizagem de L\u00edngua Portuguesa, saberes docentes, compreens\u00e3o responsiva ativa, g\u00eanero do discurso e dissemina\u00e7\u00e3o de enunciados sobre problem\u00e1ticas sociais diversas, em especial as que envolvem o discurso pedag\u00f3gico<\/p>\n","protected":false},"excerpt":{"rendered":"<p>Professor Adjunto de L\u00edngua Portuguesa e Pr\u00e1ticas de Ensino da Universidade de Pernambuco (UPE\/Campus Garanhuns). Doutor e mestre em Lingu\u00edstica pelo Programa de P\u00f3s-gradua\u00e7\u00e3o em Lingu\u00edstica e Literatura da Universidade Federal de Alagoas (PPGLL\/UFAL). Realizou p\u00f3s-doutorado no Programa de P\u00f3s-gradua\u00e7\u00e3o Mestrado em Educa\u00e7\u00e3o, Cultura e Territ\u00f3rios Semi\u00e1ridos da Universidade do Estado da Bahia (PPGESA\/UNEB) e [&hellip;]<\/p>\n","protected":false},"author":1,"featured_media":11859,"comment_status":"open","ping_status":"open","sticky":false,"template":"","format":"standard","meta":{"ngg_post_thumbnail":0,"footnotes":""},"categories":[111],"tags":[],"post_folder":[],"acf":[],"yoast_head":"<!-- This site is optimized with the Yoast SEO plugin v21.2 - https:\/\/yoast.com\/wordpress\/plugins\/seo\/ -->\n<title>Silvio Nunes da Silva J\u00fanior (UPE) - II ENALA - Encontro Nacional de Lingu\u00edstica Aplicada<\/title>\n<meta name=\"robots\" content=\"index, follow, max-snippet:-1, max-image-preview:large, max-video-preview:-1\" \/>\n<link rel=\"canonical\" href=\"https:\/\/enala.com.br\/2023\/convidados\/silvio-nunes-da-silva-junior-upe\/\" \/>\n<meta property=\"og:locale\" content=\"pt_BR\" \/>\n<meta property=\"og:type\" content=\"article\" \/>\n<meta property=\"og:title\" content=\"Silvio Nunes da Silva J\u00fanior (UPE) - II ENALA - Encontro Nacional de Lingu\u00edstica Aplicada\" \/>\n<meta property=\"og:description\" content=\"Professor Adjunto de L\u00edngua Portuguesa e Pr\u00e1ticas de Ensino da Universidade de Pernambuco (UPE\/Campus Garanhuns). Doutor e mestre em Lingu\u00edstica pelo Programa de P\u00f3s-gradua\u00e7\u00e3o em Lingu\u00edstica e Literatura da Universidade Federal de Alagoas (PPGLL\/UFAL). Realizou p\u00f3s-doutorado no Programa de P\u00f3s-gradua\u00e7\u00e3o Mestrado em Educa\u00e7\u00e3o, Cultura e Territ\u00f3rios Semi\u00e1ridos da Universidade do Estado da Bahia (PPGESA\/UNEB) e [&hellip;]\" \/>\n<meta property=\"og:url\" content=\"https:\/\/enala.com.br\/2023\/convidados\/silvio-nunes-da-silva-junior-upe\/\" \/>\n<meta property=\"og:site_name\" content=\"II ENALA - Encontro Nacional de Lingu\u00edstica Aplicada\" \/>\n<meta property=\"article:publisher\" content=\"https:\/\/www.facebook.com\/gedeall.ufal\" \/>\n<meta property=\"article:published_time\" content=\"2023-09-20T18:14:47+00:00\" \/>\n<meta property=\"article:modified_time\" content=\"2023-09-20T18:18:20+00:00\" \/>\n<meta property=\"og:image\" content=\"https:\/\/mlftgx9lfndb.i.optimole.com\/w:auto\/h:auto\/q:mauto\/f:best\/https:\/\/enala.com.br\/2023\/wp-content\/uploads\/2023\/07\/SILVIO.jpg\" \/>\n\t<meta property=\"og:image:width\" content=\"600\" \/>\n\t<meta property=\"og:image:height\" content=\"600\" \/>\n\t<meta property=\"og:image:type\" content=\"image\/jpeg\" \/>\n<meta name=\"author\" content=\"enala2023\" \/>\n<meta name=\"twitter:card\" content=\"summary_large_image\" \/>\n<meta name=\"twitter:label1\" content=\"Escrito por\" \/>\n\t<meta name=\"twitter:data1\" content=\"enala2023\" \/>\n\t<meta name=\"twitter:label2\" content=\"Est. tempo de leitura\" \/>\n\t<meta name=\"twitter:data2\" content=\"1 minuto\" \/>\n<script type=\"application\/ld+json\" class=\"yoast-schema-graph\">{\"@context\":\"https:\/\/schema.org\",\"@graph\":[{\"@type\":\"Article\",\"@id\":\"https:\/\/enala.com.br\/2023\/convidados\/silvio-nunes-da-silva-junior-upe\/#article\",\"isPartOf\":{\"@id\":\"https:\/\/enala.com.br\/2023\/convidados\/silvio-nunes-da-silva-junior-upe\/\"},\"author\":{\"name\":\"enala2023\",\"@id\":\"https:\/\/enala.com.br\/2023\/#\/schema\/person\/5f67c7e50fbbf29cb17d08414c3323a7\"},\"headline\":\"Silvio Nunes da Silva J\u00fanior (UPE)\",\"datePublished\":\"2023-09-20T18:14:47+00:00\",\"dateModified\":\"2023-09-20T18:18:20+00:00\",\"mainEntityOfPage\":{\"@id\":\"https:\/\/enala.com.br\/2023\/convidados\/silvio-nunes-da-silva-junior-upe\/\"},\"wordCount\":201,\"commentCount\":0,\"publisher\":{\"@id\":\"https:\/\/enala.com.br\/2023\/#organization\"},\"articleSection\":[\"Convidados\"],\"inLanguage\":\"pt-BR\",\"potentialAction\":[{\"@type\":\"CommentAction\",\"name\":\"Comment\",\"target\":[\"https:\/\/enala.com.br\/2023\/convidados\/silvio-nunes-da-silva-junior-upe\/#respond\"]}]},{\"@type\":\"WebPage\",\"@id\":\"https:\/\/enala.com.br\/2023\/convidados\/silvio-nunes-da-silva-junior-upe\/\",\"url\":\"https:\/\/enala.com.br\/2023\/convidados\/silvio-nunes-da-silva-junior-upe\/\",\"name\":\"Silvio Nunes da Silva J\u00fanior (UPE) - II ENALA - Encontro Nacional de Lingu\u00edstica Aplicada\",\"isPartOf\":{\"@id\":\"https:\/\/enala.com.br\/2023\/#website\"},\"datePublished\":\"2023-09-20T18:14:47+00:00\",\"dateModified\":\"2023-09-20T18:18:20+00:00\",\"breadcrumb\":{\"@id\":\"https:\/\/enala.com.br\/2023\/convidados\/silvio-nunes-da-silva-junior-upe\/#breadcrumb\"},\"inLanguage\":\"pt-BR\",\"potentialAction\":[{\"@type\":\"ReadAction\",\"target\":[\"https:\/\/enala.com.br\/2023\/convidados\/silvio-nunes-da-silva-junior-upe\/\"]}]},{\"@type\":\"BreadcrumbList\",\"@id\":\"https:\/\/enala.com.br\/2023\/convidados\/silvio-nunes-da-silva-junior-upe\/#breadcrumb\",\"itemListElement\":[{\"@type\":\"ListItem\",\"position\":1,\"name\":\"In\u00edcio\",\"item\":\"https:\/\/enala.com.br\/2023\/\"},{\"@type\":\"ListItem\",\"position\":2,\"name\":\"Convidados\",\"item\":\"https:\/\/enala.com.br\/2023\/category\/convidados\/\"},{\"@type\":\"ListItem\",\"position\":3,\"name\":\"Silvio Nunes da Silva J\u00fanior (UPE)\"}]},{\"@type\":\"WebSite\",\"@id\":\"https:\/\/enala.com.br\/2023\/#website\",\"url\":\"https:\/\/enala.com.br\/2023\/\",\"name\":\"II ENALA - Encontro Nacional de Lingu\u00edstica Aplicada\",\"description\":\"Site oficial do Encontro Nacional de Lingu\u00edstica Aplicada, evento bienal, realizado pelo Grupo de Estudos Discurso, Ensino e Aprendizagem de L\u00ednguas e Literaturas, vinculado ao Programa de P\u00f3s-Gradua\u00e7\u00e3o em Lingu\u00edstica e Literatura (PPGLL) da Universidade Federal de Alagoas (UFAL)\",\"publisher\":{\"@id\":\"https:\/\/enala.com.br\/2023\/#organization\"},\"potentialAction\":[{\"@type\":\"SearchAction\",\"target\":{\"@type\":\"EntryPoint\",\"urlTemplate\":\"https:\/\/enala.com.br\/2023\/?s={search_term_string}\"},\"query-input\":\"required name=search_term_string\"}],\"inLanguage\":\"pt-BR\"},{\"@type\":\"Organization\",\"@id\":\"https:\/\/enala.com.br\/2023\/#organization\",\"name\":\"II Enala\",\"url\":\"https:\/\/enala.com.br\/2023\/\",\"logo\":{\"@type\":\"ImageObject\",\"inLanguage\":\"pt-BR\",\"@id\":\"https:\/\/enala.com.br\/2023\/#\/schema\/logo\/image\/\",\"url\":\"https:\/\/mlftgx9lfndb.i.optimole.com\/w:auto\/h:auto\/q:mauto\/f:best\/https:\/\/enala.com.br\/2023\/wp-content\/uploads\/2023\/03\/cropped-LOGO-header.png\",\"contentUrl\":\"https:\/\/mlftgx9lfndb.i.optimole.com\/w:auto\/h:auto\/q:mauto\/f:best\/https:\/\/enala.com.br\/2023\/wp-content\/uploads\/2023\/03\/cropped-LOGO-header.png\",\"width\":202,\"height\":58,\"caption\":\"II Enala\"},\"image\":{\"@id\":\"https:\/\/enala.com.br\/2023\/#\/schema\/logo\/image\/\"},\"sameAs\":[\"https:\/\/www.facebook.com\/gedeall.ufal\",\"https:\/\/www.instagram.com\/gedeall.ufal\",\"https:\/\/www.youtube.com\/gedeall\"]},{\"@type\":\"Person\",\"@id\":\"https:\/\/enala.com.br\/2023\/#\/schema\/person\/5f67c7e50fbbf29cb17d08414c3323a7\",\"name\":\"enala2023\",\"image\":{\"@type\":\"ImageObject\",\"inLanguage\":\"pt-BR\",\"@id\":\"https:\/\/enala.com.br\/2023\/#\/schema\/person\/image\/\",\"url\":\"https:\/\/mlftgx9lfndb.i.optimole.com\/w:auto\/h:auto\/q:mauto\/f:best\/https:\/\/enala.com.br\/2023\/wp-content\/litespeed\/avatar\/8f8ac8b1f365d9bac9f5d491607b1b46.jpg?ver=1777546125\",\"contentUrl\":\"https:\/\/mlftgx9lfndb.i.optimole.com\/w:auto\/h:auto\/q:mauto\/f:best\/https:\/\/enala.com.br\/2023\/wp-content\/litespeed\/avatar\/8f8ac8b1f365d9bac9f5d491607b1b46.jpg?ver=1777546125\",\"caption\":\"enala2023\"},\"sameAs\":[\"https:\/\/enala.com.br\"],\"url\":\"https:\/\/enala.com.br\/2023\/author\/enala2023\/\"}]}<\/script>\n<!-- \/ Yoast SEO plugin. -->","yoast_head_json":{"title":"Silvio Nunes da Silva J\u00fanior (UPE) - II ENALA - Encontro Nacional de Lingu\u00edstica Aplicada","robots":{"index":"index","follow":"follow","max-snippet":"max-snippet:-1","max-image-preview":"max-image-preview:large","max-video-preview":"max-video-preview:-1"},"canonical":"https:\/\/enala.com.br\/2023\/convidados\/silvio-nunes-da-silva-junior-upe\/","og_locale":"pt_BR","og_type":"article","og_title":"Silvio Nunes da Silva J\u00fanior (UPE) - II ENALA - Encontro Nacional de Lingu\u00edstica Aplicada","og_description":"Professor Adjunto de L\u00edngua Portuguesa e Pr\u00e1ticas de Ensino da Universidade de Pernambuco (UPE\/Campus Garanhuns). Doutor e mestre em Lingu\u00edstica pelo Programa de P\u00f3s-gradua\u00e7\u00e3o em Lingu\u00edstica e Literatura da Universidade Federal de Alagoas (PPGLL\/UFAL). Realizou p\u00f3s-doutorado no Programa de P\u00f3s-gradua\u00e7\u00e3o Mestrado em Educa\u00e7\u00e3o, Cultura e Territ\u00f3rios Semi\u00e1ridos da Universidade do Estado da Bahia (PPGESA\/UNEB) e [&hellip;]","og_url":"https:\/\/enala.com.br\/2023\/convidados\/silvio-nunes-da-silva-junior-upe\/","og_site_name":"II ENALA - Encontro Nacional de Lingu\u00edstica Aplicada","article_publisher":"https:\/\/www.facebook.com\/gedeall.ufal","article_published_time":"2023-09-20T18:14:47+00:00","article_modified_time":"2023-09-20T18:18:20+00:00","og_image":[{"width":600,"height":600,"url":"https:\/\/mlftgx9lfndb.i.optimole.com\/w:auto\/h:auto\/q:mauto\/f:best\/https:\/\/enala.com.br\/2023\/wp-content\/uploads\/2023\/07\/SILVIO.jpg","type":"image\/jpeg"}],"author":"enala2023","twitter_card":"summary_large_image","twitter_misc":{"Escrito por":"enala2023","Est. tempo de leitura":"1 minuto"},"schema":{"@context":"https:\/\/schema.org","@graph":[{"@type":"Article","@id":"https:\/\/enala.com.br\/2023\/convidados\/silvio-nunes-da-silva-junior-upe\/#article","isPartOf":{"@id":"https:\/\/enala.com.br\/2023\/convidados\/silvio-nunes-da-silva-junior-upe\/"},"author":{"name":"enala2023","@id":"https:\/\/enala.com.br\/2023\/#\/schema\/person\/5f67c7e50fbbf29cb17d08414c3323a7"},"headline":"Silvio Nunes da Silva J\u00fanior (UPE)","datePublished":"2023-09-20T18:14:47+00:00","dateModified":"2023-09-20T18:18:20+00:00","mainEntityOfPage":{"@id":"https:\/\/enala.com.br\/2023\/convidados\/silvio-nunes-da-silva-junior-upe\/"},"wordCount":201,"commentCount":0,"publisher":{"@id":"https:\/\/enala.com.br\/2023\/#organization"},"articleSection":["Convidados"],"inLanguage":"pt-BR","potentialAction":[{"@type":"CommentAction","name":"Comment","target":["https:\/\/enala.com.br\/2023\/convidados\/silvio-nunes-da-silva-junior-upe\/#respond"]}]},{"@type":"WebPage","@id":"https:\/\/enala.com.br\/2023\/convidados\/silvio-nunes-da-silva-junior-upe\/","url":"https:\/\/enala.com.br\/2023\/convidados\/silvio-nunes-da-silva-junior-upe\/","name":"Silvio Nunes da Silva J\u00fanior (UPE) - II ENALA - Encontro Nacional de Lingu\u00edstica Aplicada","isPartOf":{"@id":"https:\/\/enala.com.br\/2023\/#website"},"datePublished":"2023-09-20T18:14:47+00:00","dateModified":"2023-09-20T18:18:20+00:00","breadcrumb":{"@id":"https:\/\/enala.com.br\/2023\/convidados\/silvio-nunes-da-silva-junior-upe\/#breadcrumb"},"inLanguage":"pt-BR","potentialAction":[{"@type":"ReadAction","target":["https:\/\/enala.com.br\/2023\/convidados\/silvio-nunes-da-silva-junior-upe\/"]}]},{"@type":"BreadcrumbList","@id":"https:\/\/enala.com.br\/2023\/convidados\/silvio-nunes-da-silva-junior-upe\/#breadcrumb","itemListElement":[{"@type":"ListItem","position":1,"name":"In\u00edcio","item":"https:\/\/enala.com.br\/2023\/"},{"@type":"ListItem","position":2,"name":"Convidados","item":"https:\/\/enala.com.br\/2023\/category\/convidados\/"},{"@type":"ListItem","position":3,"name":"Silvio Nunes da Silva J\u00fanior (UPE)"}]},{"@type":"WebSite","@id":"https:\/\/enala.com.br\/2023\/#website","url":"https:\/\/enala.com.br\/2023\/","name":"II ENALA - Encontro Nacional de Lingu\u00edstica Aplicada","description":"Site oficial do Encontro Nacional de Lingu\u00edstica Aplicada, evento bienal, realizado pelo Grupo de Estudos Discurso, Ensino e Aprendizagem de L\u00ednguas e Literaturas, vinculado ao Programa de P\u00f3s-Gradua\u00e7\u00e3o em Lingu\u00edstica e Literatura (PPGLL) da Universidade Federal de Alagoas (UFAL)","publisher":{"@id":"https:\/\/enala.com.br\/2023\/#organization"},"potentialAction":[{"@type":"SearchAction","target":{"@type":"EntryPoint","urlTemplate":"https:\/\/enala.com.br\/2023\/?s={search_term_string}"},"query-input":"required name=search_term_string"}],"inLanguage":"pt-BR"},{"@type":"Organization","@id":"https:\/\/enala.com.br\/2023\/#organization","name":"II Enala","url":"https:\/\/enala.com.br\/2023\/","logo":{"@type":"ImageObject","inLanguage":"pt-BR","@id":"https:\/\/enala.com.br\/2023\/#\/schema\/logo\/image\/","url":"https:\/\/mlftgx9lfndb.i.optimole.com\/w:auto\/h:auto\/q:mauto\/f:best\/https:\/\/enala.com.br\/2023\/wp-content\/uploads\/2023\/03\/cropped-LOGO-header.png","contentUrl":"https:\/\/mlftgx9lfndb.i.optimole.com\/w:auto\/h:auto\/q:mauto\/f:best\/https:\/\/enala.com.br\/2023\/wp-content\/uploads\/2023\/03\/cropped-LOGO-header.png","width":202,"height":58,"caption":"II Enala"},"image":{"@id":"https:\/\/enala.com.br\/2023\/#\/schema\/logo\/image\/"},"sameAs":["https:\/\/www.facebook.com\/gedeall.ufal","https:\/\/www.instagram.com\/gedeall.ufal","https:\/\/www.youtube.com\/gedeall"]},{"@type":"Person","@id":"https:\/\/enala.com.br\/2023\/#\/schema\/person\/5f67c7e50fbbf29cb17d08414c3323a7","name":"enala2023","image":{"@type":"ImageObject","inLanguage":"pt-BR","@id":"https:\/\/enala.com.br\/2023\/#\/schema\/person\/image\/","url":"https:\/\/mlftgx9lfndb.i.optimole.com\/w:auto\/h:auto\/q:mauto\/f:best\/https:\/\/enala.com.br\/2023\/wp-content\/litespeed\/avatar\/8f8ac8b1f365d9bac9f5d491607b1b46.jpg?ver=1777546125","contentUrl":"https:\/\/mlftgx9lfndb.i.optimole.com\/w:auto\/h:auto\/q:mauto\/f:best\/https:\/\/enala.com.br\/2023\/wp-content\/litespeed\/avatar\/8f8ac8b1f365d9bac9f5d491607b1b46.jpg?ver=1777546125","caption":"enala2023"},"sameAs":["https:\/\/enala.com.br"],"url":"https:\/\/enala.com.br\/2023\/author\/enala2023\/"}]}},"jetpack_featured_media_url":"https:\/\/mlftgx9lfndb.i.optimole.com\/w:auto\/h:auto\/q:mauto\/f:best\/https:\/\/enala.com.br\/2023\/wp-content\/uploads\/2023\/07\/SILVIO.jpg","_links":{"self":[{"href":"https:\/\/enala.com.br\/2023\/wp-json\/wp\/v2\/posts\/13119"}],"collection":[{"href":"https:\/\/enala.com.br\/2023\/wp-json\/wp\/v2\/posts"}],"about":[{"href":"https:\/\/enala.com.br\/2023\/wp-json\/wp\/v2\/types\/post"}],"author":[{"embeddable":true,"href":"https:\/\/enala.com.br\/2023\/wp-json\/wp\/v2\/users\/1"}],"replies":[{"embeddable":true,"href":"https:\/\/enala.com.br\/2023\/wp-json\/wp\/v2\/comments?post=13119"}],"version-history":[{"count":2,"href":"https:\/\/enala.com.br\/2023\/wp-json\/wp\/v2\/posts\/13119\/revisions"}],"predecessor-version":[{"id":13121,"href":"https:\/\/enala.com.br\/2023\/wp-json\/wp\/v2\/posts\/13119\/revisions\/13121"}],"wp:featuredmedia":[{"embeddable":true,"href":"https:\/\/enala.com.br\/2023\/wp-json\/wp\/v2\/media\/11859"}],"wp:attachment":[{"href":"https:\/\/enala.com.br\/2023\/wp-json\/wp\/v2\/media?parent=13119"}],"wp:term":[{"taxonomy":"category","embeddable":true,"href":"https:\/\/enala.com.br\/2023\/wp-json\/wp\/v2\/categories?post=13119"},{"taxonomy":"post_tag","embeddable":true,"href":"https:\/\/enala.com.br\/2023\/wp-json\/wp\/v2\/tags?post=13119"},{"taxonomy":"post_folder","embeddable":true,"href":"https:\/\/enala.com.br\/2023\/wp-json\/wp\/v2\/post_folder?post=13119"}],"curies":[{"name":"wp","href":"https:\/\/api.w.org\/{rel}","templated":true}]}}