{"id":13068,"date":"2023-09-20T11:17:50","date_gmt":"2023-09-20T14:17:50","guid":{"rendered":"https:\/\/enala.com.br\/?p=13068"},"modified":"2023-09-20T15:09:06","modified_gmt":"2023-09-20T18:09:06","slug":"waldenia-maria-da-silva","status":"publish","type":"post","link":"https:\/\/enala.com.br\/2023\/convidados\/waldenia-maria-da-silva\/","title":{"rendered":"Waldenia Maria da Silva (UFAL)"},"content":{"rendered":"\n<p>Possuo gradua\u00e7\u00e3o em Letras &#8211; Portugu\u00eas pela Universidade Federal de Alagoas, mestrado em Lingu\u00edstica pelo Programa de P\u00f3s &#8211; Gradua\u00e7\u00e3o em Lingu\u00edstica e Literatura da Universidade Federal de Alagoas e sou doutoranda em Lingu\u00edstica pelo Programa de P\u00f3s &#8211; Gradua\u00e7\u00e3o em Lingu\u00edstica e Literatura da Universidade Federal de Alagoas. Iniciei minha vida acad\u00eamica como pesquisadora atrav\u00e9s do Programa Institucional de Bolsas de Inicia\u00e7\u00e3o Cient\u00edfica (PIBIC), al\u00e9m disso atuei como professora em forma\u00e7\u00e3o inicial no Programa Institucional de Bolsas de Inicia\u00e7\u00e3o \u00e0 Doc\u00eancia (PIBID) e como professora de portugu\u00eas para estrangeiros no programa Idiomas Sem Fronteiras (ISF). Ademais, tamb\u00e9m tenho experi\u00eancia na \u00e1rea de Letras, com \u00eanfase em Sociolingu\u00edstica, Lingu\u00edstica S\u00f3cio-Hist\u00f3rica e no ensino de portugu\u00eas para estrangeiros.<\/p>\n","protected":false},"excerpt":{"rendered":"<p>Possuo gradua\u00e7\u00e3o em Letras &#8211; Portugu\u00eas pela Universidade Federal de Alagoas, mestrado em Lingu\u00edstica pelo Programa de P\u00f3s &#8211; Gradua\u00e7\u00e3o em Lingu\u00edstica e Literatura da Universidade Federal de Alagoas e sou doutoranda em Lingu\u00edstica pelo Programa de P\u00f3s &#8211; Gradua\u00e7\u00e3o em Lingu\u00edstica e Literatura da Universidade Federal de Alagoas. Iniciei minha vida acad\u00eamica como pesquisadora [&hellip;]<\/p>\n","protected":false},"author":2,"featured_media":13095,"comment_status":"open","ping_status":"open","sticky":false,"template":"","format":"standard","meta":{"ngg_post_thumbnail":0,"footnotes":""},"categories":[111,114],"tags":[],"post_folder":[],"acf":[],"yoast_head":"<!-- This site is optimized with the Yoast SEO plugin v21.2 - https:\/\/yoast.com\/wordpress\/plugins\/seo\/ -->\n<title>Waldenia Maria da Silva (UFAL) - II ENALA - Encontro Nacional de Lingu\u00edstica Aplicada<\/title>\n<meta name=\"robots\" content=\"index, follow, max-snippet:-1, max-image-preview:large, max-video-preview:-1\" \/>\n<link rel=\"canonical\" href=\"https:\/\/enala.com.br\/2023\/convidados\/waldenia-maria-da-silva\/\" \/>\n<meta property=\"og:locale\" content=\"pt_BR\" \/>\n<meta property=\"og:type\" content=\"article\" \/>\n<meta property=\"og:title\" content=\"Waldenia Maria da Silva (UFAL) - II ENALA - Encontro Nacional de Lingu\u00edstica Aplicada\" \/>\n<meta property=\"og:description\" content=\"Possuo gradua\u00e7\u00e3o em Letras &#8211; Portugu\u00eas pela Universidade Federal de Alagoas, mestrado em Lingu\u00edstica pelo Programa de P\u00f3s &#8211; Gradua\u00e7\u00e3o em Lingu\u00edstica e Literatura da Universidade Federal de Alagoas e sou doutoranda em Lingu\u00edstica pelo Programa de P\u00f3s &#8211; Gradua\u00e7\u00e3o em Lingu\u00edstica e Literatura da Universidade Federal de Alagoas. Iniciei minha vida acad\u00eamica como pesquisadora [&hellip;]\" \/>\n<meta property=\"og:url\" content=\"https:\/\/enala.com.br\/2023\/convidados\/waldenia-maria-da-silva\/\" \/>\n<meta property=\"og:site_name\" content=\"II ENALA - Encontro Nacional de Lingu\u00edstica Aplicada\" \/>\n<meta property=\"article:publisher\" content=\"https:\/\/www.facebook.com\/gedeall.ufal\" \/>\n<meta property=\"article:published_time\" content=\"2023-09-20T14:17:50+00:00\" \/>\n<meta property=\"article:modified_time\" content=\"2023-09-20T18:09:06+00:00\" \/>\n<meta property=\"og:image\" content=\"https:\/\/mlftgx9lfndb.i.optimole.com\/w:auto\/h:auto\/q:mauto\/f:best\/https:\/\/enala.com.br\/2023\/wp-content\/uploads\/2023\/09\/WALDENIA.png\" \/>\n\t<meta property=\"og:image:width\" content=\"800\" \/>\n\t<meta property=\"og:image:height\" content=\"800\" \/>\n\t<meta property=\"og:image:type\" content=\"image\/png\" \/>\n<meta name=\"author\" content=\"Enala\" \/>\n<meta name=\"twitter:card\" content=\"summary_large_image\" \/>\n<meta name=\"twitter:label1\" content=\"Escrito por\" \/>\n\t<meta name=\"twitter:data1\" content=\"Enala\" \/>\n\t<meta name=\"twitter:label2\" content=\"Est. tempo de leitura\" \/>\n\t<meta name=\"twitter:data2\" content=\"1 minuto\" \/>\n<script type=\"application\/ld+json\" class=\"yoast-schema-graph\">{\"@context\":\"https:\/\/schema.org\",\"@graph\":[{\"@type\":\"Article\",\"@id\":\"https:\/\/enala.com.br\/2023\/convidados\/waldenia-maria-da-silva\/#article\",\"isPartOf\":{\"@id\":\"https:\/\/enala.com.br\/2023\/convidados\/waldenia-maria-da-silva\/\"},\"author\":{\"name\":\"Enala\",\"@id\":\"https:\/\/enala.com.br\/2023\/#\/schema\/person\/29eb545576ad6ed557cc4906d62a902f\"},\"headline\":\"Waldenia Maria da Silva (UFAL)\",\"datePublished\":\"2023-09-20T14:17:50+00:00\",\"dateModified\":\"2023-09-20T18:09:06+00:00\",\"mainEntityOfPage\":{\"@id\":\"https:\/\/enala.com.br\/2023\/convidados\/waldenia-maria-da-silva\/\"},\"wordCount\":147,\"commentCount\":0,\"publisher\":{\"@id\":\"https:\/\/enala.com.br\/2023\/#organization\"},\"articleSection\":[\"Convidados\",\"Palestrante\"],\"inLanguage\":\"pt-BR\",\"potentialAction\":[{\"@type\":\"CommentAction\",\"name\":\"Comment\",\"target\":[\"https:\/\/enala.com.br\/2023\/convidados\/waldenia-maria-da-silva\/#respond\"]}]},{\"@type\":\"WebPage\",\"@id\":\"https:\/\/enala.com.br\/2023\/convidados\/waldenia-maria-da-silva\/\",\"url\":\"https:\/\/enala.com.br\/2023\/convidados\/waldenia-maria-da-silva\/\",\"name\":\"Waldenia Maria da Silva (UFAL) - II ENALA - Encontro Nacional de Lingu\u00edstica Aplicada\",\"isPartOf\":{\"@id\":\"https:\/\/enala.com.br\/2023\/#website\"},\"datePublished\":\"2023-09-20T14:17:50+00:00\",\"dateModified\":\"2023-09-20T18:09:06+00:00\",\"breadcrumb\":{\"@id\":\"https:\/\/enala.com.br\/2023\/convidados\/waldenia-maria-da-silva\/#breadcrumb\"},\"inLanguage\":\"pt-BR\",\"potentialAction\":[{\"@type\":\"ReadAction\",\"target\":[\"https:\/\/enala.com.br\/2023\/convidados\/waldenia-maria-da-silva\/\"]}]},{\"@type\":\"BreadcrumbList\",\"@id\":\"https:\/\/enala.com.br\/2023\/convidados\/waldenia-maria-da-silva\/#breadcrumb\",\"itemListElement\":[{\"@type\":\"ListItem\",\"position\":1,\"name\":\"In\u00edcio\",\"item\":\"https:\/\/enala.com.br\/2023\/\"},{\"@type\":\"ListItem\",\"position\":2,\"name\":\"Convidados\",\"item\":\"https:\/\/enala.com.br\/2023\/category\/convidados\/\"},{\"@type\":\"ListItem\",\"position\":3,\"name\":\"Waldenia Maria da Silva (UFAL)\"}]},{\"@type\":\"WebSite\",\"@id\":\"https:\/\/enala.com.br\/2023\/#website\",\"url\":\"https:\/\/enala.com.br\/2023\/\",\"name\":\"II ENALA - Encontro Nacional de Lingu\u00edstica Aplicada\",\"description\":\"Site oficial do Encontro Nacional de Lingu\u00edstica Aplicada, evento bienal, realizado pelo Grupo de Estudos Discurso, Ensino e Aprendizagem de L\u00ednguas e Literaturas, vinculado ao Programa de P\u00f3s-Gradua\u00e7\u00e3o em Lingu\u00edstica e Literatura (PPGLL) da Universidade Federal de Alagoas (UFAL)\",\"publisher\":{\"@id\":\"https:\/\/enala.com.br\/2023\/#organization\"},\"potentialAction\":[{\"@type\":\"SearchAction\",\"target\":{\"@type\":\"EntryPoint\",\"urlTemplate\":\"https:\/\/enala.com.br\/2023\/?s={search_term_string}\"},\"query-input\":\"required name=search_term_string\"}],\"inLanguage\":\"pt-BR\"},{\"@type\":\"Organization\",\"@id\":\"https:\/\/enala.com.br\/2023\/#organization\",\"name\":\"II Enala\",\"url\":\"https:\/\/enala.com.br\/2023\/\",\"logo\":{\"@type\":\"ImageObject\",\"inLanguage\":\"pt-BR\",\"@id\":\"https:\/\/enala.com.br\/2023\/#\/schema\/logo\/image\/\",\"url\":\"https:\/\/mlftgx9lfndb.i.optimole.com\/w:auto\/h:auto\/q:mauto\/f:best\/https:\/\/enala.com.br\/2023\/wp-content\/uploads\/2023\/03\/cropped-LOGO-header.png\",\"contentUrl\":\"https:\/\/mlftgx9lfndb.i.optimole.com\/w:auto\/h:auto\/q:mauto\/f:best\/https:\/\/enala.com.br\/2023\/wp-content\/uploads\/2023\/03\/cropped-LOGO-header.png\",\"width\":202,\"height\":58,\"caption\":\"II Enala\"},\"image\":{\"@id\":\"https:\/\/enala.com.br\/2023\/#\/schema\/logo\/image\/\"},\"sameAs\":[\"https:\/\/www.facebook.com\/gedeall.ufal\",\"https:\/\/www.instagram.com\/gedeall.ufal\",\"https:\/\/www.youtube.com\/gedeall\"]},{\"@type\":\"Person\",\"@id\":\"https:\/\/enala.com.br\/2023\/#\/schema\/person\/29eb545576ad6ed557cc4906d62a902f\",\"name\":\"Enala\",\"image\":{\"@type\":\"ImageObject\",\"inLanguage\":\"pt-BR\",\"@id\":\"https:\/\/enala.com.br\/2023\/#\/schema\/person\/image\/\",\"url\":\"https:\/\/mlftgx9lfndb.i.optimole.com\/w:auto\/h:auto\/q:mauto\/f:best\/https:\/\/enala.com.br\/2023\/wp-content\/litespeed\/avatar\/410803b79b1d710ec4eac4f8f79077ee.jpg?ver=1777546124\",\"contentUrl\":\"https:\/\/mlftgx9lfndb.i.optimole.com\/w:auto\/h:auto\/q:mauto\/f:best\/https:\/\/enala.com.br\/2023\/wp-content\/litespeed\/avatar\/410803b79b1d710ec4eac4f8f79077ee.jpg?ver=1777546124\",\"caption\":\"Enala\"},\"url\":\"https:\/\/enala.com.br\/2023\/author\/enalaeditor\/\"}]}<\/script>\n<!-- \/ Yoast SEO plugin. -->","yoast_head_json":{"title":"Waldenia Maria da Silva (UFAL) - II ENALA - Encontro Nacional de Lingu\u00edstica Aplicada","robots":{"index":"index","follow":"follow","max-snippet":"max-snippet:-1","max-image-preview":"max-image-preview:large","max-video-preview":"max-video-preview:-1"},"canonical":"https:\/\/enala.com.br\/2023\/convidados\/waldenia-maria-da-silva\/","og_locale":"pt_BR","og_type":"article","og_title":"Waldenia Maria da Silva (UFAL) - II ENALA - Encontro Nacional de Lingu\u00edstica Aplicada","og_description":"Possuo gradua\u00e7\u00e3o em Letras &#8211; Portugu\u00eas pela Universidade Federal de Alagoas, mestrado em Lingu\u00edstica pelo Programa de P\u00f3s &#8211; Gradua\u00e7\u00e3o em Lingu\u00edstica e Literatura da Universidade Federal de Alagoas e sou doutoranda em Lingu\u00edstica pelo Programa de P\u00f3s &#8211; Gradua\u00e7\u00e3o em Lingu\u00edstica e Literatura da Universidade Federal de Alagoas. Iniciei minha vida acad\u00eamica como pesquisadora [&hellip;]","og_url":"https:\/\/enala.com.br\/2023\/convidados\/waldenia-maria-da-silva\/","og_site_name":"II ENALA - Encontro Nacional de Lingu\u00edstica Aplicada","article_publisher":"https:\/\/www.facebook.com\/gedeall.ufal","article_published_time":"2023-09-20T14:17:50+00:00","article_modified_time":"2023-09-20T18:09:06+00:00","og_image":[{"width":800,"height":800,"url":"https:\/\/mlftgx9lfndb.i.optimole.com\/w:auto\/h:auto\/q:mauto\/f:best\/https:\/\/enala.com.br\/2023\/wp-content\/uploads\/2023\/09\/WALDENIA.png","type":"image\/png"}],"author":"Enala","twitter_card":"summary_large_image","twitter_misc":{"Escrito por":"Enala","Est. tempo de leitura":"1 minuto"},"schema":{"@context":"https:\/\/schema.org","@graph":[{"@type":"Article","@id":"https:\/\/enala.com.br\/2023\/convidados\/waldenia-maria-da-silva\/#article","isPartOf":{"@id":"https:\/\/enala.com.br\/2023\/convidados\/waldenia-maria-da-silva\/"},"author":{"name":"Enala","@id":"https:\/\/enala.com.br\/2023\/#\/schema\/person\/29eb545576ad6ed557cc4906d62a902f"},"headline":"Waldenia Maria da Silva (UFAL)","datePublished":"2023-09-20T14:17:50+00:00","dateModified":"2023-09-20T18:09:06+00:00","mainEntityOfPage":{"@id":"https:\/\/enala.com.br\/2023\/convidados\/waldenia-maria-da-silva\/"},"wordCount":147,"commentCount":0,"publisher":{"@id":"https:\/\/enala.com.br\/2023\/#organization"},"articleSection":["Convidados","Palestrante"],"inLanguage":"pt-BR","potentialAction":[{"@type":"CommentAction","name":"Comment","target":["https:\/\/enala.com.br\/2023\/convidados\/waldenia-maria-da-silva\/#respond"]}]},{"@type":"WebPage","@id":"https:\/\/enala.com.br\/2023\/convidados\/waldenia-maria-da-silva\/","url":"https:\/\/enala.com.br\/2023\/convidados\/waldenia-maria-da-silva\/","name":"Waldenia Maria da Silva (UFAL) - II ENALA - Encontro Nacional de Lingu\u00edstica Aplicada","isPartOf":{"@id":"https:\/\/enala.com.br\/2023\/#website"},"datePublished":"2023-09-20T14:17:50+00:00","dateModified":"2023-09-20T18:09:06+00:00","breadcrumb":{"@id":"https:\/\/enala.com.br\/2023\/convidados\/waldenia-maria-da-silva\/#breadcrumb"},"inLanguage":"pt-BR","potentialAction":[{"@type":"ReadAction","target":["https:\/\/enala.com.br\/2023\/convidados\/waldenia-maria-da-silva\/"]}]},{"@type":"BreadcrumbList","@id":"https:\/\/enala.com.br\/2023\/convidados\/waldenia-maria-da-silva\/#breadcrumb","itemListElement":[{"@type":"ListItem","position":1,"name":"In\u00edcio","item":"https:\/\/enala.com.br\/2023\/"},{"@type":"ListItem","position":2,"name":"Convidados","item":"https:\/\/enala.com.br\/2023\/category\/convidados\/"},{"@type":"ListItem","position":3,"name":"Waldenia Maria da Silva (UFAL)"}]},{"@type":"WebSite","@id":"https:\/\/enala.com.br\/2023\/#website","url":"https:\/\/enala.com.br\/2023\/","name":"II ENALA - Encontro Nacional de Lingu\u00edstica Aplicada","description":"Site oficial do Encontro Nacional de Lingu\u00edstica Aplicada, evento bienal, realizado pelo Grupo de Estudos Discurso, Ensino e Aprendizagem de L\u00ednguas e Literaturas, vinculado ao Programa de P\u00f3s-Gradua\u00e7\u00e3o em Lingu\u00edstica e Literatura (PPGLL) da Universidade Federal de Alagoas (UFAL)","publisher":{"@id":"https:\/\/enala.com.br\/2023\/#organization"},"potentialAction":[{"@type":"SearchAction","target":{"@type":"EntryPoint","urlTemplate":"https:\/\/enala.com.br\/2023\/?s={search_term_string}"},"query-input":"required name=search_term_string"}],"inLanguage":"pt-BR"},{"@type":"Organization","@id":"https:\/\/enala.com.br\/2023\/#organization","name":"II Enala","url":"https:\/\/enala.com.br\/2023\/","logo":{"@type":"ImageObject","inLanguage":"pt-BR","@id":"https:\/\/enala.com.br\/2023\/#\/schema\/logo\/image\/","url":"https:\/\/mlftgx9lfndb.i.optimole.com\/w:auto\/h:auto\/q:mauto\/f:best\/https:\/\/enala.com.br\/2023\/wp-content\/uploads\/2023\/03\/cropped-LOGO-header.png","contentUrl":"https:\/\/mlftgx9lfndb.i.optimole.com\/w:auto\/h:auto\/q:mauto\/f:best\/https:\/\/enala.com.br\/2023\/wp-content\/uploads\/2023\/03\/cropped-LOGO-header.png","width":202,"height":58,"caption":"II Enala"},"image":{"@id":"https:\/\/enala.com.br\/2023\/#\/schema\/logo\/image\/"},"sameAs":["https:\/\/www.facebook.com\/gedeall.ufal","https:\/\/www.instagram.com\/gedeall.ufal","https:\/\/www.youtube.com\/gedeall"]},{"@type":"Person","@id":"https:\/\/enala.com.br\/2023\/#\/schema\/person\/29eb545576ad6ed557cc4906d62a902f","name":"Enala","image":{"@type":"ImageObject","inLanguage":"pt-BR","@id":"https:\/\/enala.com.br\/2023\/#\/schema\/person\/image\/","url":"https:\/\/mlftgx9lfndb.i.optimole.com\/w:auto\/h:auto\/q:mauto\/f:best\/https:\/\/enala.com.br\/2023\/wp-content\/litespeed\/avatar\/410803b79b1d710ec4eac4f8f79077ee.jpg?ver=1777546124","contentUrl":"https:\/\/mlftgx9lfndb.i.optimole.com\/w:auto\/h:auto\/q:mauto\/f:best\/https:\/\/enala.com.br\/2023\/wp-content\/litespeed\/avatar\/410803b79b1d710ec4eac4f8f79077ee.jpg?ver=1777546124","caption":"Enala"},"url":"https:\/\/enala.com.br\/2023\/author\/enalaeditor\/"}]}},"jetpack_featured_media_url":"https:\/\/mlftgx9lfndb.i.optimole.com\/w:auto\/h:auto\/q:mauto\/f:best\/https:\/\/enala.com.br\/2023\/wp-content\/uploads\/2023\/09\/WALDENIA.png","_links":{"self":[{"href":"https:\/\/enala.com.br\/2023\/wp-json\/wp\/v2\/posts\/13068"}],"collection":[{"href":"https:\/\/enala.com.br\/2023\/wp-json\/wp\/v2\/posts"}],"about":[{"href":"https:\/\/enala.com.br\/2023\/wp-json\/wp\/v2\/types\/post"}],"author":[{"embeddable":true,"href":"https:\/\/enala.com.br\/2023\/wp-json\/wp\/v2\/users\/2"}],"replies":[{"embeddable":true,"href":"https:\/\/enala.com.br\/2023\/wp-json\/wp\/v2\/comments?post=13068"}],"version-history":[{"count":3,"href":"https:\/\/enala.com.br\/2023\/wp-json\/wp\/v2\/posts\/13068\/revisions"}],"predecessor-version":[{"id":13110,"href":"https:\/\/enala.com.br\/2023\/wp-json\/wp\/v2\/posts\/13068\/revisions\/13110"}],"wp:featuredmedia":[{"embeddable":true,"href":"https:\/\/enala.com.br\/2023\/wp-json\/wp\/v2\/media\/13095"}],"wp:attachment":[{"href":"https:\/\/enala.com.br\/2023\/wp-json\/wp\/v2\/media?parent=13068"}],"wp:term":[{"taxonomy":"category","embeddable":true,"href":"https:\/\/enala.com.br\/2023\/wp-json\/wp\/v2\/categories?post=13068"},{"taxonomy":"post_tag","embeddable":true,"href":"https:\/\/enala.com.br\/2023\/wp-json\/wp\/v2\/tags?post=13068"},{"taxonomy":"post_folder","embeddable":true,"href":"https:\/\/enala.com.br\/2023\/wp-json\/wp\/v2\/post_folder?post=13068"}],"curies":[{"name":"wp","href":"https:\/\/api.w.org\/{rel}","templated":true}]}}