{"id":13065,"date":"2023-09-20T11:15:51","date_gmt":"2023-09-20T14:15:51","guid":{"rendered":"https:\/\/enala.com.br\/?p=13065"},"modified":"2023-09-20T11:15:53","modified_gmt":"2023-09-20T14:15:53","slug":"viviane-aparecida-bagio-furtoso","status":"publish","type":"post","link":"https:\/\/enala.com.br\/2023\/convidados\/viviane-aparecida-bagio-furtoso\/","title":{"rendered":"Viviane Aparecida Bagio Furtoso"},"content":{"rendered":"\n<p>Graduada em Letras Anglo-Portuguesas (1994), Mestre em Letras (2001) pela UEL e Doutora em Estudos Lingu\u00edsticos (2011) pela UNESP, campus S\u00e3o Jos\u00e9 do Rio Preto. Realizou seu p\u00f3s-doutorado na Georgetown University, nos Estados Unidos, no per\u00edodo de setembro a dezembro de 2015, com bolsa Capes\/Fulbright. \u00c9 docente associada do Departamento de Letras Estrangeiras Modernas da Universidade Estadual de Londrina (UEL) e atua no programa de p\u00f3s-gradua\u00e7\u00e3o em Estudos da Linguagem (PPGEL). Desenvolve pesquisas na \u00e1rea de Lingu\u00edstica Aplicada, com \u00eanfase em Avalia\u00e7\u00e3o, Ensino e Aprendizagem de L\u00ednguas Estrangeiras em contextos presencial e online, bem como na forma\u00e7\u00e3o de professores de ingl\u00eas e de portugu\u00eas para falantes de outras l\u00ednguas. Foi presidente da Sociedade Internacional de Portugu\u00eas L\u00edngua Estrangeira (SIPLE) na gest\u00e3o 2017-2019, depois de ter contribu\u00eddo com a associa\u00e7\u00e3o de 2011-2016 como vice-presidente. \u00c9 membro da Comiss\u00e3o T\u00e9cnico-Cient\u00edfica do Exame Celpe-Bras (Certificado de Profici\u00eancia em L\u00edngua Portuguesa para Estrangeiros).Tamb\u00e9m tem atuado como \ufffc\ufffcmembro da Equipe Assessora Central do Portal do Professor de Portugu\u00eas L\u00edngua Estrangeira \/ L\u00edngua N\u00e3o Materna (PPPLE), desde 2012, desenvolvendo material did\u00e1tico para o ensino de Portugu\u00eas (como l\u00edngua estrangeira, l\u00edngua n\u00e3o materna, l\u00edngua de acolhimento, l\u00edngua de heran\u00e7a); em 2017 assumiu a coordena\u00e7\u00e3o nacional do Portugu\u00eas para Estrangeiros do Programa Idiomas sem Fronteiras e, mais recentemente, tem atuado como Consultora do Minist\u00e9rio das Rela\u00e7\u00f5es Exteriores para a elabora\u00e7\u00e3o de material did\u00e1tico e proposi\u00e7\u00e3o de diretrizes para o sistema de avalia\u00e7\u00e3o da rede de ensino de portugu\u00eas do Itamaraty.<\/p>\n","protected":false},"excerpt":{"rendered":"<p>Graduada em Letras Anglo-Portuguesas (1994), Mestre em Letras (2001) pela UEL e Doutora em Estudos Lingu\u00edsticos (2011) pela UNESP, campus S\u00e3o Jos\u00e9 do Rio Preto. Realizou seu p\u00f3s-doutorado na Georgetown University, nos Estados Unidos, no per\u00edodo de setembro a dezembro de 2015, com bolsa Capes\/Fulbright. \u00c9 docente associada do Departamento de Letras Estrangeiras Modernas da [&hellip;]<\/p>\n","protected":false},"author":2,"featured_media":11863,"comment_status":"open","ping_status":"open","sticky":false,"template":"","format":"standard","meta":{"ngg_post_thumbnail":0,"footnotes":""},"categories":[111,114],"tags":[],"post_folder":[],"acf":[],"yoast_head":"<!-- This site is optimized with the Yoast SEO plugin v21.2 - https:\/\/yoast.com\/wordpress\/plugins\/seo\/ -->\n<title>Viviane Aparecida Bagio Furtoso - II ENALA - Encontro Nacional de Lingu\u00edstica Aplicada<\/title>\n<meta name=\"robots\" content=\"index, follow, max-snippet:-1, max-image-preview:large, max-video-preview:-1\" \/>\n<link rel=\"canonical\" href=\"https:\/\/enala.com.br\/2023\/convidados\/viviane-aparecida-bagio-furtoso\/\" \/>\n<meta property=\"og:locale\" content=\"pt_BR\" \/>\n<meta property=\"og:type\" content=\"article\" \/>\n<meta property=\"og:title\" content=\"Viviane Aparecida Bagio Furtoso - II ENALA - Encontro Nacional de Lingu\u00edstica Aplicada\" \/>\n<meta property=\"og:description\" content=\"Graduada em Letras Anglo-Portuguesas (1994), Mestre em Letras (2001) pela UEL e Doutora em Estudos Lingu\u00edsticos (2011) pela UNESP, campus S\u00e3o Jos\u00e9 do Rio Preto. Realizou seu p\u00f3s-doutorado na Georgetown University, nos Estados Unidos, no per\u00edodo de setembro a dezembro de 2015, com bolsa Capes\/Fulbright. \u00c9 docente associada do Departamento de Letras Estrangeiras Modernas da [&hellip;]\" \/>\n<meta property=\"og:url\" content=\"https:\/\/enala.com.br\/2023\/convidados\/viviane-aparecida-bagio-furtoso\/\" \/>\n<meta property=\"og:site_name\" content=\"II ENALA - Encontro Nacional de Lingu\u00edstica Aplicada\" \/>\n<meta property=\"article:publisher\" content=\"https:\/\/www.facebook.com\/gedeall.ufal\" \/>\n<meta property=\"article:published_time\" content=\"2023-09-20T14:15:51+00:00\" \/>\n<meta property=\"article:modified_time\" content=\"2023-09-20T14:15:53+00:00\" \/>\n<meta property=\"og:image\" content=\"https:\/\/mlftgx9lfndb.i.optimole.com\/w:auto\/h:auto\/q:mauto\/f:best\/https:\/\/enala.com.br\/2023\/wp-content\/uploads\/2023\/07\/VIVIANE.jpg\" \/>\n\t<meta property=\"og:image:width\" content=\"600\" \/>\n\t<meta property=\"og:image:height\" content=\"600\" \/>\n\t<meta property=\"og:image:type\" content=\"image\/jpeg\" \/>\n<meta name=\"author\" content=\"Enala\" \/>\n<meta name=\"twitter:card\" content=\"summary_large_image\" \/>\n<meta name=\"twitter:label1\" content=\"Escrito por\" \/>\n\t<meta name=\"twitter:data1\" content=\"Enala\" \/>\n\t<meta name=\"twitter:label2\" content=\"Est. tempo de leitura\" \/>\n\t<meta name=\"twitter:data2\" content=\"2 minutos\" \/>\n<script type=\"application\/ld+json\" class=\"yoast-schema-graph\">{\"@context\":\"https:\/\/schema.org\",\"@graph\":[{\"@type\":\"Article\",\"@id\":\"https:\/\/enala.com.br\/2023\/convidados\/viviane-aparecida-bagio-furtoso\/#article\",\"isPartOf\":{\"@id\":\"https:\/\/enala.com.br\/2023\/convidados\/viviane-aparecida-bagio-furtoso\/\"},\"author\":{\"name\":\"Enala\",\"@id\":\"https:\/\/enala.com.br\/2023\/#\/schema\/person\/29eb545576ad6ed557cc4906d62a902f\"},\"headline\":\"Viviane Aparecida Bagio Furtoso\",\"datePublished\":\"2023-09-20T14:15:51+00:00\",\"dateModified\":\"2023-09-20T14:15:53+00:00\",\"mainEntityOfPage\":{\"@id\":\"https:\/\/enala.com.br\/2023\/convidados\/viviane-aparecida-bagio-furtoso\/\"},\"wordCount\":284,\"commentCount\":0,\"publisher\":{\"@id\":\"https:\/\/enala.com.br\/2023\/#organization\"},\"articleSection\":[\"Convidados\",\"Palestrante\"],\"inLanguage\":\"pt-BR\",\"potentialAction\":[{\"@type\":\"CommentAction\",\"name\":\"Comment\",\"target\":[\"https:\/\/enala.com.br\/2023\/convidados\/viviane-aparecida-bagio-furtoso\/#respond\"]}]},{\"@type\":\"WebPage\",\"@id\":\"https:\/\/enala.com.br\/2023\/convidados\/viviane-aparecida-bagio-furtoso\/\",\"url\":\"https:\/\/enala.com.br\/2023\/convidados\/viviane-aparecida-bagio-furtoso\/\",\"name\":\"Viviane Aparecida Bagio Furtoso - II ENALA - Encontro Nacional de Lingu\u00edstica Aplicada\",\"isPartOf\":{\"@id\":\"https:\/\/enala.com.br\/2023\/#website\"},\"datePublished\":\"2023-09-20T14:15:51+00:00\",\"dateModified\":\"2023-09-20T14:15:53+00:00\",\"breadcrumb\":{\"@id\":\"https:\/\/enala.com.br\/2023\/convidados\/viviane-aparecida-bagio-furtoso\/#breadcrumb\"},\"inLanguage\":\"pt-BR\",\"potentialAction\":[{\"@type\":\"ReadAction\",\"target\":[\"https:\/\/enala.com.br\/2023\/convidados\/viviane-aparecida-bagio-furtoso\/\"]}]},{\"@type\":\"BreadcrumbList\",\"@id\":\"https:\/\/enala.com.br\/2023\/convidados\/viviane-aparecida-bagio-furtoso\/#breadcrumb\",\"itemListElement\":[{\"@type\":\"ListItem\",\"position\":1,\"name\":\"In\u00edcio\",\"item\":\"https:\/\/enala.com.br\/2023\/\"},{\"@type\":\"ListItem\",\"position\":2,\"name\":\"Convidados\",\"item\":\"https:\/\/enala.com.br\/2023\/category\/convidados\/\"},{\"@type\":\"ListItem\",\"position\":3,\"name\":\"Viviane Aparecida Bagio Furtoso\"}]},{\"@type\":\"WebSite\",\"@id\":\"https:\/\/enala.com.br\/2023\/#website\",\"url\":\"https:\/\/enala.com.br\/2023\/\",\"name\":\"II ENALA - Encontro Nacional de Lingu\u00edstica Aplicada\",\"description\":\"Site oficial do Encontro Nacional de Lingu\u00edstica Aplicada, evento bienal, realizado pelo Grupo de Estudos Discurso, Ensino e Aprendizagem de L\u00ednguas e Literaturas, vinculado ao Programa de P\u00f3s-Gradua\u00e7\u00e3o em Lingu\u00edstica e Literatura (PPGLL) da Universidade Federal de Alagoas (UFAL)\",\"publisher\":{\"@id\":\"https:\/\/enala.com.br\/2023\/#organization\"},\"potentialAction\":[{\"@type\":\"SearchAction\",\"target\":{\"@type\":\"EntryPoint\",\"urlTemplate\":\"https:\/\/enala.com.br\/2023\/?s={search_term_string}\"},\"query-input\":\"required name=search_term_string\"}],\"inLanguage\":\"pt-BR\"},{\"@type\":\"Organization\",\"@id\":\"https:\/\/enala.com.br\/2023\/#organization\",\"name\":\"II Enala\",\"url\":\"https:\/\/enala.com.br\/2023\/\",\"logo\":{\"@type\":\"ImageObject\",\"inLanguage\":\"pt-BR\",\"@id\":\"https:\/\/enala.com.br\/2023\/#\/schema\/logo\/image\/\",\"url\":\"https:\/\/mlftgx9lfndb.i.optimole.com\/w:auto\/h:auto\/q:mauto\/f:best\/https:\/\/enala.com.br\/2023\/wp-content\/uploads\/2023\/03\/cropped-LOGO-header.png\",\"contentUrl\":\"https:\/\/mlftgx9lfndb.i.optimole.com\/w:auto\/h:auto\/q:mauto\/f:best\/https:\/\/enala.com.br\/2023\/wp-content\/uploads\/2023\/03\/cropped-LOGO-header.png\",\"width\":202,\"height\":58,\"caption\":\"II Enala\"},\"image\":{\"@id\":\"https:\/\/enala.com.br\/2023\/#\/schema\/logo\/image\/\"},\"sameAs\":[\"https:\/\/www.facebook.com\/gedeall.ufal\",\"https:\/\/www.instagram.com\/gedeall.ufal\",\"https:\/\/www.youtube.com\/gedeall\"]},{\"@type\":\"Person\",\"@id\":\"https:\/\/enala.com.br\/2023\/#\/schema\/person\/29eb545576ad6ed557cc4906d62a902f\",\"name\":\"Enala\",\"image\":{\"@type\":\"ImageObject\",\"inLanguage\":\"pt-BR\",\"@id\":\"https:\/\/enala.com.br\/2023\/#\/schema\/person\/image\/\",\"url\":\"https:\/\/mlftgx9lfndb.i.optimole.com\/w:auto\/h:auto\/q:mauto\/f:best\/https:\/\/enala.com.br\/2023\/wp-content\/litespeed\/avatar\/410803b79b1d710ec4eac4f8f79077ee.jpg?ver=1777546124\",\"contentUrl\":\"https:\/\/mlftgx9lfndb.i.optimole.com\/w:auto\/h:auto\/q:mauto\/f:best\/https:\/\/enala.com.br\/2023\/wp-content\/litespeed\/avatar\/410803b79b1d710ec4eac4f8f79077ee.jpg?ver=1777546124\",\"caption\":\"Enala\"},\"url\":\"https:\/\/enala.com.br\/2023\/author\/enalaeditor\/\"}]}<\/script>\n<!-- \/ Yoast SEO plugin. -->","yoast_head_json":{"title":"Viviane Aparecida Bagio Furtoso - II ENALA - Encontro Nacional de Lingu\u00edstica Aplicada","robots":{"index":"index","follow":"follow","max-snippet":"max-snippet:-1","max-image-preview":"max-image-preview:large","max-video-preview":"max-video-preview:-1"},"canonical":"https:\/\/enala.com.br\/2023\/convidados\/viviane-aparecida-bagio-furtoso\/","og_locale":"pt_BR","og_type":"article","og_title":"Viviane Aparecida Bagio Furtoso - II ENALA - Encontro Nacional de Lingu\u00edstica Aplicada","og_description":"Graduada em Letras Anglo-Portuguesas (1994), Mestre em Letras (2001) pela UEL e Doutora em Estudos Lingu\u00edsticos (2011) pela UNESP, campus S\u00e3o Jos\u00e9 do Rio Preto. Realizou seu p\u00f3s-doutorado na Georgetown University, nos Estados Unidos, no per\u00edodo de setembro a dezembro de 2015, com bolsa Capes\/Fulbright. \u00c9 docente associada do Departamento de Letras Estrangeiras Modernas da [&hellip;]","og_url":"https:\/\/enala.com.br\/2023\/convidados\/viviane-aparecida-bagio-furtoso\/","og_site_name":"II ENALA - Encontro Nacional de Lingu\u00edstica Aplicada","article_publisher":"https:\/\/www.facebook.com\/gedeall.ufal","article_published_time":"2023-09-20T14:15:51+00:00","article_modified_time":"2023-09-20T14:15:53+00:00","og_image":[{"width":600,"height":600,"url":"https:\/\/mlftgx9lfndb.i.optimole.com\/w:auto\/h:auto\/q:mauto\/f:best\/https:\/\/enala.com.br\/2023\/wp-content\/uploads\/2023\/07\/VIVIANE.jpg","type":"image\/jpeg"}],"author":"Enala","twitter_card":"summary_large_image","twitter_misc":{"Escrito por":"Enala","Est. tempo de leitura":"2 minutos"},"schema":{"@context":"https:\/\/schema.org","@graph":[{"@type":"Article","@id":"https:\/\/enala.com.br\/2023\/convidados\/viviane-aparecida-bagio-furtoso\/#article","isPartOf":{"@id":"https:\/\/enala.com.br\/2023\/convidados\/viviane-aparecida-bagio-furtoso\/"},"author":{"name":"Enala","@id":"https:\/\/enala.com.br\/2023\/#\/schema\/person\/29eb545576ad6ed557cc4906d62a902f"},"headline":"Viviane Aparecida Bagio Furtoso","datePublished":"2023-09-20T14:15:51+00:00","dateModified":"2023-09-20T14:15:53+00:00","mainEntityOfPage":{"@id":"https:\/\/enala.com.br\/2023\/convidados\/viviane-aparecida-bagio-furtoso\/"},"wordCount":284,"commentCount":0,"publisher":{"@id":"https:\/\/enala.com.br\/2023\/#organization"},"articleSection":["Convidados","Palestrante"],"inLanguage":"pt-BR","potentialAction":[{"@type":"CommentAction","name":"Comment","target":["https:\/\/enala.com.br\/2023\/convidados\/viviane-aparecida-bagio-furtoso\/#respond"]}]},{"@type":"WebPage","@id":"https:\/\/enala.com.br\/2023\/convidados\/viviane-aparecida-bagio-furtoso\/","url":"https:\/\/enala.com.br\/2023\/convidados\/viviane-aparecida-bagio-furtoso\/","name":"Viviane Aparecida Bagio Furtoso - II ENALA - Encontro Nacional de Lingu\u00edstica Aplicada","isPartOf":{"@id":"https:\/\/enala.com.br\/2023\/#website"},"datePublished":"2023-09-20T14:15:51+00:00","dateModified":"2023-09-20T14:15:53+00:00","breadcrumb":{"@id":"https:\/\/enala.com.br\/2023\/convidados\/viviane-aparecida-bagio-furtoso\/#breadcrumb"},"inLanguage":"pt-BR","potentialAction":[{"@type":"ReadAction","target":["https:\/\/enala.com.br\/2023\/convidados\/viviane-aparecida-bagio-furtoso\/"]}]},{"@type":"BreadcrumbList","@id":"https:\/\/enala.com.br\/2023\/convidados\/viviane-aparecida-bagio-furtoso\/#breadcrumb","itemListElement":[{"@type":"ListItem","position":1,"name":"In\u00edcio","item":"https:\/\/enala.com.br\/2023\/"},{"@type":"ListItem","position":2,"name":"Convidados","item":"https:\/\/enala.com.br\/2023\/category\/convidados\/"},{"@type":"ListItem","position":3,"name":"Viviane Aparecida Bagio Furtoso"}]},{"@type":"WebSite","@id":"https:\/\/enala.com.br\/2023\/#website","url":"https:\/\/enala.com.br\/2023\/","name":"II ENALA - Encontro Nacional de Lingu\u00edstica Aplicada","description":"Site oficial do Encontro Nacional de Lingu\u00edstica Aplicada, evento bienal, realizado pelo Grupo de Estudos Discurso, Ensino e Aprendizagem de L\u00ednguas e Literaturas, vinculado ao Programa de P\u00f3s-Gradua\u00e7\u00e3o em Lingu\u00edstica e Literatura (PPGLL) da Universidade Federal de Alagoas (UFAL)","publisher":{"@id":"https:\/\/enala.com.br\/2023\/#organization"},"potentialAction":[{"@type":"SearchAction","target":{"@type":"EntryPoint","urlTemplate":"https:\/\/enala.com.br\/2023\/?s={search_term_string}"},"query-input":"required name=search_term_string"}],"inLanguage":"pt-BR"},{"@type":"Organization","@id":"https:\/\/enala.com.br\/2023\/#organization","name":"II Enala","url":"https:\/\/enala.com.br\/2023\/","logo":{"@type":"ImageObject","inLanguage":"pt-BR","@id":"https:\/\/enala.com.br\/2023\/#\/schema\/logo\/image\/","url":"https:\/\/mlftgx9lfndb.i.optimole.com\/w:auto\/h:auto\/q:mauto\/f:best\/https:\/\/enala.com.br\/2023\/wp-content\/uploads\/2023\/03\/cropped-LOGO-header.png","contentUrl":"https:\/\/mlftgx9lfndb.i.optimole.com\/w:auto\/h:auto\/q:mauto\/f:best\/https:\/\/enala.com.br\/2023\/wp-content\/uploads\/2023\/03\/cropped-LOGO-header.png","width":202,"height":58,"caption":"II Enala"},"image":{"@id":"https:\/\/enala.com.br\/2023\/#\/schema\/logo\/image\/"},"sameAs":["https:\/\/www.facebook.com\/gedeall.ufal","https:\/\/www.instagram.com\/gedeall.ufal","https:\/\/www.youtube.com\/gedeall"]},{"@type":"Person","@id":"https:\/\/enala.com.br\/2023\/#\/schema\/person\/29eb545576ad6ed557cc4906d62a902f","name":"Enala","image":{"@type":"ImageObject","inLanguage":"pt-BR","@id":"https:\/\/enala.com.br\/2023\/#\/schema\/person\/image\/","url":"https:\/\/mlftgx9lfndb.i.optimole.com\/w:auto\/h:auto\/q:mauto\/f:best\/https:\/\/enala.com.br\/2023\/wp-content\/litespeed\/avatar\/410803b79b1d710ec4eac4f8f79077ee.jpg?ver=1777546124","contentUrl":"https:\/\/mlftgx9lfndb.i.optimole.com\/w:auto\/h:auto\/q:mauto\/f:best\/https:\/\/enala.com.br\/2023\/wp-content\/litespeed\/avatar\/410803b79b1d710ec4eac4f8f79077ee.jpg?ver=1777546124","caption":"Enala"},"url":"https:\/\/enala.com.br\/2023\/author\/enalaeditor\/"}]}},"jetpack_featured_media_url":"https:\/\/mlftgx9lfndb.i.optimole.com\/w:auto\/h:auto\/q:mauto\/f:best\/https:\/\/enala.com.br\/2023\/wp-content\/uploads\/2023\/07\/VIVIANE.jpg","_links":{"self":[{"href":"https:\/\/enala.com.br\/2023\/wp-json\/wp\/v2\/posts\/13065"}],"collection":[{"href":"https:\/\/enala.com.br\/2023\/wp-json\/wp\/v2\/posts"}],"about":[{"href":"https:\/\/enala.com.br\/2023\/wp-json\/wp\/v2\/types\/post"}],"author":[{"embeddable":true,"href":"https:\/\/enala.com.br\/2023\/wp-json\/wp\/v2\/users\/2"}],"replies":[{"embeddable":true,"href":"https:\/\/enala.com.br\/2023\/wp-json\/wp\/v2\/comments?post=13065"}],"version-history":[{"count":2,"href":"https:\/\/enala.com.br\/2023\/wp-json\/wp\/v2\/posts\/13065\/revisions"}],"predecessor-version":[{"id":13067,"href":"https:\/\/enala.com.br\/2023\/wp-json\/wp\/v2\/posts\/13065\/revisions\/13067"}],"wp:featuredmedia":[{"embeddable":true,"href":"https:\/\/enala.com.br\/2023\/wp-json\/wp\/v2\/media\/11863"}],"wp:attachment":[{"href":"https:\/\/enala.com.br\/2023\/wp-json\/wp\/v2\/media?parent=13065"}],"wp:term":[{"taxonomy":"category","embeddable":true,"href":"https:\/\/enala.com.br\/2023\/wp-json\/wp\/v2\/categories?post=13065"},{"taxonomy":"post_tag","embeddable":true,"href":"https:\/\/enala.com.br\/2023\/wp-json\/wp\/v2\/tags?post=13065"},{"taxonomy":"post_folder","embeddable":true,"href":"https:\/\/enala.com.br\/2023\/wp-json\/wp\/v2\/post_folder?post=13065"}],"curies":[{"name":"wp","href":"https:\/\/api.w.org\/{rel}","templated":true}]}}