{"id":13062,"date":"2023-09-20T11:14:42","date_gmt":"2023-09-20T14:14:42","guid":{"rendered":"https:\/\/enala.com.br\/?p=13062"},"modified":"2023-09-20T15:08:47","modified_gmt":"2023-09-20T18:08:47","slug":"ruberval-franco-maciel","status":"publish","type":"post","link":"https:\/\/enala.com.br\/2023\/convidados\/ruberval-franco-maciel\/","title":{"rendered":"Ruberval Franco Maciel (UEMS)"},"content":{"rendered":"\n<p>Doutor em Estudos Lingu\u00edsticos e Liter\u00e1rios de Ingl\u00eas pela USP, com est\u00e1gio doutoral no Centre for Globalization and Cultural Studies &#8211; Univeristy of Manitoba, como bolsista ELAP (Emerging Leaders in the Americas Program) &#8211; Canad\u00e1. Mestre em Lingu\u00edstica Aplicada pela University of Reading &#8211; Inglaterra, como bolsista da Funda\u00e7\u00e3o Rotary International. Realizou est\u00e1gio p\u00f3s-doutoral como pesquisador visitante da Funda\u00e7\u00e3o Fulbright no programa de PhD in Urban Education da City University of New York &#8211; Estados Unidos e tamb\u00e9m realizou est\u00e1gio P\u00f3s-doutoral na Universidad Nacional de Jujuy na Argentina. Atualmente \u00e9 Bolsista Produtividade do CNPq e professor da gradua\u00e7\u00e3o e P\u00f3s-gradua\u00e7\u00e3o em Letras e da gradua\u00e7\u00e3o em Medicina da Universidade Estadual de Mato Grosso do Sul (UEMS). Coordenador da Rede Universit\u00e1ria da Rota de Integra\u00e7\u00e3o Latino Americana &#8211; UNIRILA &#8211; Brasil, Paraguai, Chile e Argentina). Foi pesquisador visitante da City University of New York e foi pesquisador externo associado do Centro de Globaliza\u00e7\u00e3o e Estudos Culturais da University of Manitoba no Canad\u00e1. Foi Presidente da ALAB (Associa\u00e7\u00e3o de Lingu\u00edstica Aplicada do Brasil-2014-2015). Foi Presidente fundador da Associa\u00e7\u00e3o dos Professores de L\u00edngua Inglesa do Estado de Mato Grosso do Sul (APLIEMS). Foi avaliador oito vezes do Plano Nacional do Livro Did\u00e1tico &#8211; PNLD (MEC) L\u00edngua Inglesa. Co-autor do Caderno para a \u00e1rea de Linguagens do Pacto Nacional pelo Fortalecimento do Ensino M\u00e9dio (MEC). Coordena o conv\u00eanio interinstitucional UEMS\/Glendon College-York University &#8211; Toronto-Canad\u00e1. Tem experi\u00eancia na \u00e1rea de Lingu\u00edstica, com \u00eanfase em Lingu\u00edstica Aplicada, atuando principalmente nos seguintes temas: Lingu\u00edstica Aplicada, pol\u00edticas p\u00fablicas para o ensino de L\u00ednguas, translingu\u00edsmo, novos letramentos, multiletramentos, letramento cr\u00edtico, transculturalidade, forma\u00e7\u00e3o de professores e pol\u00edticas de internacionaliza\u00e7\u00e3o.<\/p>\n","protected":false},"excerpt":{"rendered":"<p>Doutor em Estudos Lingu\u00edsticos e Liter\u00e1rios de Ingl\u00eas pela USP, com est\u00e1gio doutoral no Centre for Globalization and Cultural Studies &#8211; Univeristy of Manitoba, como bolsista ELAP (Emerging Leaders in the Americas Program) &#8211; Canad\u00e1. Mestre em Lingu\u00edstica Aplicada pela University of Reading &#8211; Inglaterra, como bolsista da Funda\u00e7\u00e3o Rotary International. Realizou est\u00e1gio p\u00f3s-doutoral como [&hellip;]<\/p>\n","protected":false},"author":2,"featured_media":11857,"comment_status":"open","ping_status":"open","sticky":false,"template":"","format":"standard","meta":{"ngg_post_thumbnail":0,"footnotes":""},"categories":[111,114],"tags":[],"post_folder":[],"acf":[],"yoast_head":"<!-- This site is optimized with the Yoast SEO plugin v21.2 - https:\/\/yoast.com\/wordpress\/plugins\/seo\/ -->\n<title>Ruberval Franco Maciel (UEMS) - II ENALA - Encontro Nacional de Lingu\u00edstica Aplicada<\/title>\n<meta name=\"robots\" content=\"index, follow, max-snippet:-1, max-image-preview:large, max-video-preview:-1\" \/>\n<link rel=\"canonical\" href=\"https:\/\/enala.com.br\/2023\/convidados\/ruberval-franco-maciel\/\" \/>\n<meta property=\"og:locale\" content=\"pt_BR\" \/>\n<meta property=\"og:type\" content=\"article\" \/>\n<meta property=\"og:title\" content=\"Ruberval Franco Maciel (UEMS) - II ENALA - Encontro Nacional de Lingu\u00edstica Aplicada\" \/>\n<meta property=\"og:description\" content=\"Doutor em Estudos Lingu\u00edsticos e Liter\u00e1rios de Ingl\u00eas pela USP, com est\u00e1gio doutoral no Centre for Globalization and Cultural Studies &#8211; Univeristy of Manitoba, como bolsista ELAP (Emerging Leaders in the Americas Program) &#8211; Canad\u00e1. Mestre em Lingu\u00edstica Aplicada pela University of Reading &#8211; Inglaterra, como bolsista da Funda\u00e7\u00e3o Rotary International. Realizou est\u00e1gio p\u00f3s-doutoral como [&hellip;]\" \/>\n<meta property=\"og:url\" content=\"https:\/\/enala.com.br\/2023\/convidados\/ruberval-franco-maciel\/\" \/>\n<meta property=\"og:site_name\" content=\"II ENALA - Encontro Nacional de Lingu\u00edstica Aplicada\" \/>\n<meta property=\"article:publisher\" content=\"https:\/\/www.facebook.com\/gedeall.ufal\" \/>\n<meta property=\"article:published_time\" content=\"2023-09-20T14:14:42+00:00\" \/>\n<meta property=\"article:modified_time\" content=\"2023-09-20T18:08:47+00:00\" \/>\n<meta property=\"og:image\" content=\"https:\/\/mlftgx9lfndb.i.optimole.com\/w:auto\/h:auto\/q:mauto\/f:best\/https:\/\/enala.com.br\/2023\/wp-content\/uploads\/2023\/07\/RUBERVAL.jpg\" \/>\n\t<meta property=\"og:image:width\" content=\"800\" \/>\n\t<meta property=\"og:image:height\" content=\"800\" \/>\n\t<meta property=\"og:image:type\" content=\"image\/jpeg\" \/>\n<meta name=\"author\" content=\"Enala\" \/>\n<meta name=\"twitter:card\" content=\"summary_large_image\" \/>\n<meta name=\"twitter:label1\" content=\"Escrito por\" \/>\n\t<meta name=\"twitter:data1\" content=\"Enala\" \/>\n\t<meta name=\"twitter:label2\" content=\"Est. tempo de leitura\" \/>\n\t<meta name=\"twitter:data2\" content=\"2 minutos\" \/>\n<script type=\"application\/ld+json\" class=\"yoast-schema-graph\">{\"@context\":\"https:\/\/schema.org\",\"@graph\":[{\"@type\":\"Article\",\"@id\":\"https:\/\/enala.com.br\/2023\/convidados\/ruberval-franco-maciel\/#article\",\"isPartOf\":{\"@id\":\"https:\/\/enala.com.br\/2023\/convidados\/ruberval-franco-maciel\/\"},\"author\":{\"name\":\"Enala\",\"@id\":\"https:\/\/enala.com.br\/2023\/#\/schema\/person\/29eb545576ad6ed557cc4906d62a902f\"},\"headline\":\"Ruberval Franco Maciel (UEMS)\",\"datePublished\":\"2023-09-20T14:14:42+00:00\",\"dateModified\":\"2023-09-20T18:08:47+00:00\",\"mainEntityOfPage\":{\"@id\":\"https:\/\/enala.com.br\/2023\/convidados\/ruberval-franco-maciel\/\"},\"wordCount\":313,\"commentCount\":0,\"publisher\":{\"@id\":\"https:\/\/enala.com.br\/2023\/#organization\"},\"articleSection\":[\"Convidados\",\"Palestrante\"],\"inLanguage\":\"pt-BR\",\"potentialAction\":[{\"@type\":\"CommentAction\",\"name\":\"Comment\",\"target\":[\"https:\/\/enala.com.br\/2023\/convidados\/ruberval-franco-maciel\/#respond\"]}]},{\"@type\":\"WebPage\",\"@id\":\"https:\/\/enala.com.br\/2023\/convidados\/ruberval-franco-maciel\/\",\"url\":\"https:\/\/enala.com.br\/2023\/convidados\/ruberval-franco-maciel\/\",\"name\":\"Ruberval Franco Maciel (UEMS) - II ENALA - Encontro Nacional de Lingu\u00edstica Aplicada\",\"isPartOf\":{\"@id\":\"https:\/\/enala.com.br\/2023\/#website\"},\"datePublished\":\"2023-09-20T14:14:42+00:00\",\"dateModified\":\"2023-09-20T18:08:47+00:00\",\"breadcrumb\":{\"@id\":\"https:\/\/enala.com.br\/2023\/convidados\/ruberval-franco-maciel\/#breadcrumb\"},\"inLanguage\":\"pt-BR\",\"potentialAction\":[{\"@type\":\"ReadAction\",\"target\":[\"https:\/\/enala.com.br\/2023\/convidados\/ruberval-franco-maciel\/\"]}]},{\"@type\":\"BreadcrumbList\",\"@id\":\"https:\/\/enala.com.br\/2023\/convidados\/ruberval-franco-maciel\/#breadcrumb\",\"itemListElement\":[{\"@type\":\"ListItem\",\"position\":1,\"name\":\"In\u00edcio\",\"item\":\"https:\/\/enala.com.br\/2023\/\"},{\"@type\":\"ListItem\",\"position\":2,\"name\":\"Convidados\",\"item\":\"https:\/\/enala.com.br\/2023\/category\/convidados\/\"},{\"@type\":\"ListItem\",\"position\":3,\"name\":\"Ruberval Franco Maciel (UEMS)\"}]},{\"@type\":\"WebSite\",\"@id\":\"https:\/\/enala.com.br\/2023\/#website\",\"url\":\"https:\/\/enala.com.br\/2023\/\",\"name\":\"II ENALA - Encontro Nacional de Lingu\u00edstica Aplicada\",\"description\":\"Site oficial do Encontro Nacional de Lingu\u00edstica Aplicada, evento bienal, realizado pelo Grupo de Estudos Discurso, Ensino e Aprendizagem de L\u00ednguas e Literaturas, vinculado ao Programa de P\u00f3s-Gradua\u00e7\u00e3o em Lingu\u00edstica e Literatura (PPGLL) da Universidade Federal de Alagoas (UFAL)\",\"publisher\":{\"@id\":\"https:\/\/enala.com.br\/2023\/#organization\"},\"potentialAction\":[{\"@type\":\"SearchAction\",\"target\":{\"@type\":\"EntryPoint\",\"urlTemplate\":\"https:\/\/enala.com.br\/2023\/?s={search_term_string}\"},\"query-input\":\"required name=search_term_string\"}],\"inLanguage\":\"pt-BR\"},{\"@type\":\"Organization\",\"@id\":\"https:\/\/enala.com.br\/2023\/#organization\",\"name\":\"II Enala\",\"url\":\"https:\/\/enala.com.br\/2023\/\",\"logo\":{\"@type\":\"ImageObject\",\"inLanguage\":\"pt-BR\",\"@id\":\"https:\/\/enala.com.br\/2023\/#\/schema\/logo\/image\/\",\"url\":\"https:\/\/mlftgx9lfndb.i.optimole.com\/w:auto\/h:auto\/q:mauto\/f:best\/https:\/\/enala.com.br\/2023\/wp-content\/uploads\/2023\/03\/cropped-LOGO-header.png\",\"contentUrl\":\"https:\/\/mlftgx9lfndb.i.optimole.com\/w:auto\/h:auto\/q:mauto\/f:best\/https:\/\/enala.com.br\/2023\/wp-content\/uploads\/2023\/03\/cropped-LOGO-header.png\",\"width\":202,\"height\":58,\"caption\":\"II Enala\"},\"image\":{\"@id\":\"https:\/\/enala.com.br\/2023\/#\/schema\/logo\/image\/\"},\"sameAs\":[\"https:\/\/www.facebook.com\/gedeall.ufal\",\"https:\/\/www.instagram.com\/gedeall.ufal\",\"https:\/\/www.youtube.com\/gedeall\"]},{\"@type\":\"Person\",\"@id\":\"https:\/\/enala.com.br\/2023\/#\/schema\/person\/29eb545576ad6ed557cc4906d62a902f\",\"name\":\"Enala\",\"image\":{\"@type\":\"ImageObject\",\"inLanguage\":\"pt-BR\",\"@id\":\"https:\/\/enala.com.br\/2023\/#\/schema\/person\/image\/\",\"url\":\"https:\/\/mlftgx9lfndb.i.optimole.com\/w:auto\/h:auto\/q:mauto\/f:best\/https:\/\/enala.com.br\/2023\/wp-content\/litespeed\/avatar\/410803b79b1d710ec4eac4f8f79077ee.jpg?ver=1777546124\",\"contentUrl\":\"https:\/\/mlftgx9lfndb.i.optimole.com\/w:auto\/h:auto\/q:mauto\/f:best\/https:\/\/enala.com.br\/2023\/wp-content\/litespeed\/avatar\/410803b79b1d710ec4eac4f8f79077ee.jpg?ver=1777546124\",\"caption\":\"Enala\"},\"url\":\"https:\/\/enala.com.br\/2023\/author\/enalaeditor\/\"}]}<\/script>\n<!-- \/ Yoast SEO plugin. -->","yoast_head_json":{"title":"Ruberval Franco Maciel (UEMS) - II ENALA - Encontro Nacional de Lingu\u00edstica Aplicada","robots":{"index":"index","follow":"follow","max-snippet":"max-snippet:-1","max-image-preview":"max-image-preview:large","max-video-preview":"max-video-preview:-1"},"canonical":"https:\/\/enala.com.br\/2023\/convidados\/ruberval-franco-maciel\/","og_locale":"pt_BR","og_type":"article","og_title":"Ruberval Franco Maciel (UEMS) - II ENALA - Encontro Nacional de Lingu\u00edstica Aplicada","og_description":"Doutor em Estudos Lingu\u00edsticos e Liter\u00e1rios de Ingl\u00eas pela USP, com est\u00e1gio doutoral no Centre for Globalization and Cultural Studies &#8211; Univeristy of Manitoba, como bolsista ELAP (Emerging Leaders in the Americas Program) &#8211; Canad\u00e1. Mestre em Lingu\u00edstica Aplicada pela University of Reading &#8211; Inglaterra, como bolsista da Funda\u00e7\u00e3o Rotary International. Realizou est\u00e1gio p\u00f3s-doutoral como [&hellip;]","og_url":"https:\/\/enala.com.br\/2023\/convidados\/ruberval-franco-maciel\/","og_site_name":"II ENALA - Encontro Nacional de Lingu\u00edstica Aplicada","article_publisher":"https:\/\/www.facebook.com\/gedeall.ufal","article_published_time":"2023-09-20T14:14:42+00:00","article_modified_time":"2023-09-20T18:08:47+00:00","og_image":[{"width":800,"height":800,"url":"https:\/\/mlftgx9lfndb.i.optimole.com\/w:auto\/h:auto\/q:mauto\/f:best\/https:\/\/enala.com.br\/2023\/wp-content\/uploads\/2023\/07\/RUBERVAL.jpg","type":"image\/jpeg"}],"author":"Enala","twitter_card":"summary_large_image","twitter_misc":{"Escrito por":"Enala","Est. tempo de leitura":"2 minutos"},"schema":{"@context":"https:\/\/schema.org","@graph":[{"@type":"Article","@id":"https:\/\/enala.com.br\/2023\/convidados\/ruberval-franco-maciel\/#article","isPartOf":{"@id":"https:\/\/enala.com.br\/2023\/convidados\/ruberval-franco-maciel\/"},"author":{"name":"Enala","@id":"https:\/\/enala.com.br\/2023\/#\/schema\/person\/29eb545576ad6ed557cc4906d62a902f"},"headline":"Ruberval Franco Maciel (UEMS)","datePublished":"2023-09-20T14:14:42+00:00","dateModified":"2023-09-20T18:08:47+00:00","mainEntityOfPage":{"@id":"https:\/\/enala.com.br\/2023\/convidados\/ruberval-franco-maciel\/"},"wordCount":313,"commentCount":0,"publisher":{"@id":"https:\/\/enala.com.br\/2023\/#organization"},"articleSection":["Convidados","Palestrante"],"inLanguage":"pt-BR","potentialAction":[{"@type":"CommentAction","name":"Comment","target":["https:\/\/enala.com.br\/2023\/convidados\/ruberval-franco-maciel\/#respond"]}]},{"@type":"WebPage","@id":"https:\/\/enala.com.br\/2023\/convidados\/ruberval-franco-maciel\/","url":"https:\/\/enala.com.br\/2023\/convidados\/ruberval-franco-maciel\/","name":"Ruberval Franco Maciel (UEMS) - II ENALA - Encontro Nacional de Lingu\u00edstica Aplicada","isPartOf":{"@id":"https:\/\/enala.com.br\/2023\/#website"},"datePublished":"2023-09-20T14:14:42+00:00","dateModified":"2023-09-20T18:08:47+00:00","breadcrumb":{"@id":"https:\/\/enala.com.br\/2023\/convidados\/ruberval-franco-maciel\/#breadcrumb"},"inLanguage":"pt-BR","potentialAction":[{"@type":"ReadAction","target":["https:\/\/enala.com.br\/2023\/convidados\/ruberval-franco-maciel\/"]}]},{"@type":"BreadcrumbList","@id":"https:\/\/enala.com.br\/2023\/convidados\/ruberval-franco-maciel\/#breadcrumb","itemListElement":[{"@type":"ListItem","position":1,"name":"In\u00edcio","item":"https:\/\/enala.com.br\/2023\/"},{"@type":"ListItem","position":2,"name":"Convidados","item":"https:\/\/enala.com.br\/2023\/category\/convidados\/"},{"@type":"ListItem","position":3,"name":"Ruberval Franco Maciel (UEMS)"}]},{"@type":"WebSite","@id":"https:\/\/enala.com.br\/2023\/#website","url":"https:\/\/enala.com.br\/2023\/","name":"II ENALA - Encontro Nacional de Lingu\u00edstica Aplicada","description":"Site oficial do Encontro Nacional de Lingu\u00edstica Aplicada, evento bienal, realizado pelo Grupo de Estudos Discurso, Ensino e Aprendizagem de L\u00ednguas e Literaturas, vinculado ao Programa de P\u00f3s-Gradua\u00e7\u00e3o em Lingu\u00edstica e Literatura (PPGLL) da Universidade Federal de Alagoas (UFAL)","publisher":{"@id":"https:\/\/enala.com.br\/2023\/#organization"},"potentialAction":[{"@type":"SearchAction","target":{"@type":"EntryPoint","urlTemplate":"https:\/\/enala.com.br\/2023\/?s={search_term_string}"},"query-input":"required name=search_term_string"}],"inLanguage":"pt-BR"},{"@type":"Organization","@id":"https:\/\/enala.com.br\/2023\/#organization","name":"II Enala","url":"https:\/\/enala.com.br\/2023\/","logo":{"@type":"ImageObject","inLanguage":"pt-BR","@id":"https:\/\/enala.com.br\/2023\/#\/schema\/logo\/image\/","url":"https:\/\/mlftgx9lfndb.i.optimole.com\/w:auto\/h:auto\/q:mauto\/f:best\/https:\/\/enala.com.br\/2023\/wp-content\/uploads\/2023\/03\/cropped-LOGO-header.png","contentUrl":"https:\/\/mlftgx9lfndb.i.optimole.com\/w:auto\/h:auto\/q:mauto\/f:best\/https:\/\/enala.com.br\/2023\/wp-content\/uploads\/2023\/03\/cropped-LOGO-header.png","width":202,"height":58,"caption":"II Enala"},"image":{"@id":"https:\/\/enala.com.br\/2023\/#\/schema\/logo\/image\/"},"sameAs":["https:\/\/www.facebook.com\/gedeall.ufal","https:\/\/www.instagram.com\/gedeall.ufal","https:\/\/www.youtube.com\/gedeall"]},{"@type":"Person","@id":"https:\/\/enala.com.br\/2023\/#\/schema\/person\/29eb545576ad6ed557cc4906d62a902f","name":"Enala","image":{"@type":"ImageObject","inLanguage":"pt-BR","@id":"https:\/\/enala.com.br\/2023\/#\/schema\/person\/image\/","url":"https:\/\/mlftgx9lfndb.i.optimole.com\/w:auto\/h:auto\/q:mauto\/f:best\/https:\/\/enala.com.br\/2023\/wp-content\/litespeed\/avatar\/410803b79b1d710ec4eac4f8f79077ee.jpg?ver=1777546124","contentUrl":"https:\/\/mlftgx9lfndb.i.optimole.com\/w:auto\/h:auto\/q:mauto\/f:best\/https:\/\/enala.com.br\/2023\/wp-content\/litespeed\/avatar\/410803b79b1d710ec4eac4f8f79077ee.jpg?ver=1777546124","caption":"Enala"},"url":"https:\/\/enala.com.br\/2023\/author\/enalaeditor\/"}]}},"jetpack_featured_media_url":"https:\/\/mlftgx9lfndb.i.optimole.com\/w:auto\/h:auto\/q:mauto\/f:best\/https:\/\/enala.com.br\/2023\/wp-content\/uploads\/2023\/07\/RUBERVAL.jpg","_links":{"self":[{"href":"https:\/\/enala.com.br\/2023\/wp-json\/wp\/v2\/posts\/13062"}],"collection":[{"href":"https:\/\/enala.com.br\/2023\/wp-json\/wp\/v2\/posts"}],"about":[{"href":"https:\/\/enala.com.br\/2023\/wp-json\/wp\/v2\/types\/post"}],"author":[{"embeddable":true,"href":"https:\/\/enala.com.br\/2023\/wp-json\/wp\/v2\/users\/2"}],"replies":[{"embeddable":true,"href":"https:\/\/enala.com.br\/2023\/wp-json\/wp\/v2\/comments?post=13062"}],"version-history":[{"count":3,"href":"https:\/\/enala.com.br\/2023\/wp-json\/wp\/v2\/posts\/13062\/revisions"}],"predecessor-version":[{"id":13109,"href":"https:\/\/enala.com.br\/2023\/wp-json\/wp\/v2\/posts\/13062\/revisions\/13109"}],"wp:featuredmedia":[{"embeddable":true,"href":"https:\/\/enala.com.br\/2023\/wp-json\/wp\/v2\/media\/11857"}],"wp:attachment":[{"href":"https:\/\/enala.com.br\/2023\/wp-json\/wp\/v2\/media?parent=13062"}],"wp:term":[{"taxonomy":"category","embeddable":true,"href":"https:\/\/enala.com.br\/2023\/wp-json\/wp\/v2\/categories?post=13062"},{"taxonomy":"post_tag","embeddable":true,"href":"https:\/\/enala.com.br\/2023\/wp-json\/wp\/v2\/tags?post=13062"},{"taxonomy":"post_folder","embeddable":true,"href":"https:\/\/enala.com.br\/2023\/wp-json\/wp\/v2\/post_folder?post=13062"}],"curies":[{"name":"wp","href":"https:\/\/api.w.org\/{rel}","templated":true}]}}