{"id":13044,"date":"2023-09-20T11:04:21","date_gmt":"2023-09-20T14:04:21","guid":{"rendered":"https:\/\/enala.com.br\/?p=13044"},"modified":"2023-09-20T15:08:02","modified_gmt":"2023-09-20T18:08:02","slug":"rosangela-oliveira-cruz-pimenta","status":"publish","type":"post","link":"https:\/\/enala.com.br\/2023\/convidados\/rosangela-oliveira-cruz-pimenta\/","title":{"rendered":"Ros\u00e2ngela Oliveira Cruz Pimenta (UFRPE)"},"content":{"rendered":"\n<p>Possui gradua\u00e7\u00e3o em Letras pela Universidade Cat\u00f3lica de Pernambuco, Mestrado em Educa\u00e7\u00e3o pela Universidade Federal de Pernambuco e Doutorado em Lingu\u00edstica pela Universidade Federal de Alagoas. \u00c9 professora Associada do Departamento de Educa\u00e7\u00e3o da Universidade Federal Rural de Pernambuco. Tem experi\u00eancia na \u00e1rea de Educa\u00e7\u00e3o e Linguagem, com \u00eanfase em M\u00e9todos e T\u00e9cnicas de Ensino, atuando principalmente nos seguintes temas: ensino de l\u00edngua materna, did\u00e1tica do ensino de leitura e escrita na Educa\u00e7\u00e3o B\u00e1sica, leitura e produ\u00e7\u00e3o textual no ensino superior; metodologias do ensino da l\u00edngua portuguesa e forma\u00e7\u00e3o de professores. \u00c9 pesquisadora do GEDEALL (Grupo de Estudos Discurso, Ensino e Aprendizagem de L\u00ednguas e Literaturas), do GELLITE (Grupo de Estudo e Pesquisa em Dida#769;ticas de Leitura, da Literatura e da Escrita) e l\u00edder do GREPEALL (Grupo de Estudos e Pesquisas em Ensino e Aprendizagem de L\u00ednguas e Linguagens). Atualmente, desenvolve Est\u00e1gio Cient\u00edfico Avan\u00e7ado de P\u00f3s-Doutoramento em Estudos da Did\u00e1tica da Escrita, na Faculdade de Letras &#8211; FLUP, da Universidade do Porto\/Portugal e \u00e9 professora permanente do Programa de P\u00f3s-Gradua\u00e7\u00e3o em Letras e Lingu\u00edstica da Universidade Federal de Alagoas &#8211; PPGLL\/UFAL.<\/p>\n","protected":false},"excerpt":{"rendered":"<p>Possui gradua\u00e7\u00e3o em Letras pela Universidade Cat\u00f3lica de Pernambuco, Mestrado em Educa\u00e7\u00e3o pela Universidade Federal de Pernambuco e Doutorado em Lingu\u00edstica pela Universidade Federal de Alagoas. \u00c9 professora Associada do Departamento de Educa\u00e7\u00e3o da Universidade Federal Rural de Pernambuco. Tem experi\u00eancia na \u00e1rea de Educa\u00e7\u00e3o e Linguagem, com \u00eanfase em M\u00e9todos e T\u00e9cnicas de Ensino, [&hellip;]<\/p>\n","protected":false},"author":2,"featured_media":11853,"comment_status":"open","ping_status":"open","sticky":false,"template":"","format":"standard","meta":{"ngg_post_thumbnail":0,"footnotes":""},"categories":[111,114],"tags":[],"post_folder":[],"acf":[],"yoast_head":"<!-- This site is optimized with the Yoast SEO plugin v21.2 - https:\/\/yoast.com\/wordpress\/plugins\/seo\/ -->\n<title>Ros\u00e2ngela Oliveira Cruz Pimenta (UFRPE) - II ENALA - Encontro Nacional de Lingu\u00edstica Aplicada<\/title>\n<meta name=\"robots\" content=\"index, follow, max-snippet:-1, max-image-preview:large, max-video-preview:-1\" \/>\n<link rel=\"canonical\" href=\"https:\/\/enala.com.br\/2023\/convidados\/rosangela-oliveira-cruz-pimenta\/\" \/>\n<meta property=\"og:locale\" content=\"pt_BR\" \/>\n<meta property=\"og:type\" content=\"article\" \/>\n<meta property=\"og:title\" content=\"Ros\u00e2ngela Oliveira Cruz Pimenta (UFRPE) - II ENALA - Encontro Nacional de Lingu\u00edstica Aplicada\" \/>\n<meta property=\"og:description\" content=\"Possui gradua\u00e7\u00e3o em Letras pela Universidade Cat\u00f3lica de Pernambuco, Mestrado em Educa\u00e7\u00e3o pela Universidade Federal de Pernambuco e Doutorado em Lingu\u00edstica pela Universidade Federal de Alagoas. \u00c9 professora Associada do Departamento de Educa\u00e7\u00e3o da Universidade Federal Rural de Pernambuco. Tem experi\u00eancia na \u00e1rea de Educa\u00e7\u00e3o e Linguagem, com \u00eanfase em M\u00e9todos e T\u00e9cnicas de Ensino, [&hellip;]\" \/>\n<meta property=\"og:url\" content=\"https:\/\/enala.com.br\/2023\/convidados\/rosangela-oliveira-cruz-pimenta\/\" \/>\n<meta property=\"og:site_name\" content=\"II ENALA - Encontro Nacional de Lingu\u00edstica Aplicada\" \/>\n<meta property=\"article:publisher\" content=\"https:\/\/www.facebook.com\/gedeall.ufal\" \/>\n<meta property=\"article:published_time\" content=\"2023-09-20T14:04:21+00:00\" \/>\n<meta property=\"article:modified_time\" content=\"2023-09-20T18:08:02+00:00\" \/>\n<meta property=\"og:image\" content=\"https:\/\/mlftgx9lfndb.i.optimole.com\/w:auto\/h:auto\/q:mauto\/f:best\/https:\/\/enala.com.br\/2023\/wp-content\/uploads\/2023\/07\/ROSANGELA.jpg\" \/>\n\t<meta property=\"og:image:width\" content=\"600\" \/>\n\t<meta property=\"og:image:height\" content=\"600\" \/>\n\t<meta property=\"og:image:type\" content=\"image\/jpeg\" \/>\n<meta name=\"author\" content=\"Enala\" \/>\n<meta name=\"twitter:card\" content=\"summary_large_image\" \/>\n<meta name=\"twitter:label1\" content=\"Escrito por\" \/>\n\t<meta name=\"twitter:data1\" content=\"Enala\" \/>\n\t<meta name=\"twitter:label2\" content=\"Est. tempo de leitura\" \/>\n\t<meta name=\"twitter:data2\" content=\"1 minuto\" \/>\n<script type=\"application\/ld+json\" class=\"yoast-schema-graph\">{\"@context\":\"https:\/\/schema.org\",\"@graph\":[{\"@type\":\"Article\",\"@id\":\"https:\/\/enala.com.br\/2023\/convidados\/rosangela-oliveira-cruz-pimenta\/#article\",\"isPartOf\":{\"@id\":\"https:\/\/enala.com.br\/2023\/convidados\/rosangela-oliveira-cruz-pimenta\/\"},\"author\":{\"name\":\"Enala\",\"@id\":\"https:\/\/enala.com.br\/2023\/#\/schema\/person\/29eb545576ad6ed557cc4906d62a902f\"},\"headline\":\"Ros\u00e2ngela Oliveira Cruz Pimenta (UFRPE)\",\"datePublished\":\"2023-09-20T14:04:21+00:00\",\"dateModified\":\"2023-09-20T18:08:02+00:00\",\"mainEntityOfPage\":{\"@id\":\"https:\/\/enala.com.br\/2023\/convidados\/rosangela-oliveira-cruz-pimenta\/\"},\"wordCount\":214,\"commentCount\":0,\"publisher\":{\"@id\":\"https:\/\/enala.com.br\/2023\/#organization\"},\"articleSection\":[\"Convidados\",\"Palestrante\"],\"inLanguage\":\"pt-BR\",\"potentialAction\":[{\"@type\":\"CommentAction\",\"name\":\"Comment\",\"target\":[\"https:\/\/enala.com.br\/2023\/convidados\/rosangela-oliveira-cruz-pimenta\/#respond\"]}]},{\"@type\":\"WebPage\",\"@id\":\"https:\/\/enala.com.br\/2023\/convidados\/rosangela-oliveira-cruz-pimenta\/\",\"url\":\"https:\/\/enala.com.br\/2023\/convidados\/rosangela-oliveira-cruz-pimenta\/\",\"name\":\"Ros\u00e2ngela Oliveira Cruz Pimenta (UFRPE) - II ENALA - Encontro Nacional de Lingu\u00edstica Aplicada\",\"isPartOf\":{\"@id\":\"https:\/\/enala.com.br\/2023\/#website\"},\"datePublished\":\"2023-09-20T14:04:21+00:00\",\"dateModified\":\"2023-09-20T18:08:02+00:00\",\"breadcrumb\":{\"@id\":\"https:\/\/enala.com.br\/2023\/convidados\/rosangela-oliveira-cruz-pimenta\/#breadcrumb\"},\"inLanguage\":\"pt-BR\",\"potentialAction\":[{\"@type\":\"ReadAction\",\"target\":[\"https:\/\/enala.com.br\/2023\/convidados\/rosangela-oliveira-cruz-pimenta\/\"]}]},{\"@type\":\"BreadcrumbList\",\"@id\":\"https:\/\/enala.com.br\/2023\/convidados\/rosangela-oliveira-cruz-pimenta\/#breadcrumb\",\"itemListElement\":[{\"@type\":\"ListItem\",\"position\":1,\"name\":\"In\u00edcio\",\"item\":\"https:\/\/enala.com.br\/2023\/\"},{\"@type\":\"ListItem\",\"position\":2,\"name\":\"Convidados\",\"item\":\"https:\/\/enala.com.br\/2023\/category\/convidados\/\"},{\"@type\":\"ListItem\",\"position\":3,\"name\":\"Ros\u00e2ngela Oliveira Cruz Pimenta (UFRPE)\"}]},{\"@type\":\"WebSite\",\"@id\":\"https:\/\/enala.com.br\/2023\/#website\",\"url\":\"https:\/\/enala.com.br\/2023\/\",\"name\":\"II ENALA - Encontro Nacional de Lingu\u00edstica Aplicada\",\"description\":\"Site oficial do Encontro Nacional de Lingu\u00edstica Aplicada, evento bienal, realizado pelo Grupo de Estudos Discurso, Ensino e Aprendizagem de L\u00ednguas e Literaturas, vinculado ao Programa de P\u00f3s-Gradua\u00e7\u00e3o em Lingu\u00edstica e Literatura (PPGLL) da Universidade Federal de Alagoas (UFAL)\",\"publisher\":{\"@id\":\"https:\/\/enala.com.br\/2023\/#organization\"},\"potentialAction\":[{\"@type\":\"SearchAction\",\"target\":{\"@type\":\"EntryPoint\",\"urlTemplate\":\"https:\/\/enala.com.br\/2023\/?s={search_term_string}\"},\"query-input\":\"required name=search_term_string\"}],\"inLanguage\":\"pt-BR\"},{\"@type\":\"Organization\",\"@id\":\"https:\/\/enala.com.br\/2023\/#organization\",\"name\":\"II Enala\",\"url\":\"https:\/\/enala.com.br\/2023\/\",\"logo\":{\"@type\":\"ImageObject\",\"inLanguage\":\"pt-BR\",\"@id\":\"https:\/\/enala.com.br\/2023\/#\/schema\/logo\/image\/\",\"url\":\"https:\/\/mlftgx9lfndb.i.optimole.com\/w:auto\/h:auto\/q:mauto\/f:best\/https:\/\/enala.com.br\/2023\/wp-content\/uploads\/2023\/03\/cropped-LOGO-header.png\",\"contentUrl\":\"https:\/\/mlftgx9lfndb.i.optimole.com\/w:auto\/h:auto\/q:mauto\/f:best\/https:\/\/enala.com.br\/2023\/wp-content\/uploads\/2023\/03\/cropped-LOGO-header.png\",\"width\":202,\"height\":58,\"caption\":\"II Enala\"},\"image\":{\"@id\":\"https:\/\/enala.com.br\/2023\/#\/schema\/logo\/image\/\"},\"sameAs\":[\"https:\/\/www.facebook.com\/gedeall.ufal\",\"https:\/\/www.instagram.com\/gedeall.ufal\",\"https:\/\/www.youtube.com\/gedeall\"]},{\"@type\":\"Person\",\"@id\":\"https:\/\/enala.com.br\/2023\/#\/schema\/person\/29eb545576ad6ed557cc4906d62a902f\",\"name\":\"Enala\",\"image\":{\"@type\":\"ImageObject\",\"inLanguage\":\"pt-BR\",\"@id\":\"https:\/\/enala.com.br\/2023\/#\/schema\/person\/image\/\",\"url\":\"https:\/\/mlftgx9lfndb.i.optimole.com\/w:auto\/h:auto\/q:mauto\/f:best\/https:\/\/enala.com.br\/2023\/wp-content\/litespeed\/avatar\/410803b79b1d710ec4eac4f8f79077ee.jpg?ver=1777546124\",\"contentUrl\":\"https:\/\/mlftgx9lfndb.i.optimole.com\/w:auto\/h:auto\/q:mauto\/f:best\/https:\/\/enala.com.br\/2023\/wp-content\/litespeed\/avatar\/410803b79b1d710ec4eac4f8f79077ee.jpg?ver=1777546124\",\"caption\":\"Enala\"},\"url\":\"https:\/\/enala.com.br\/2023\/author\/enalaeditor\/\"}]}<\/script>\n<!-- \/ Yoast SEO plugin. -->","yoast_head_json":{"title":"Ros\u00e2ngela Oliveira Cruz Pimenta (UFRPE) - II ENALA - Encontro Nacional de Lingu\u00edstica Aplicada","robots":{"index":"index","follow":"follow","max-snippet":"max-snippet:-1","max-image-preview":"max-image-preview:large","max-video-preview":"max-video-preview:-1"},"canonical":"https:\/\/enala.com.br\/2023\/convidados\/rosangela-oliveira-cruz-pimenta\/","og_locale":"pt_BR","og_type":"article","og_title":"Ros\u00e2ngela Oliveira Cruz Pimenta (UFRPE) - II ENALA - Encontro Nacional de Lingu\u00edstica Aplicada","og_description":"Possui gradua\u00e7\u00e3o em Letras pela Universidade Cat\u00f3lica de Pernambuco, Mestrado em Educa\u00e7\u00e3o pela Universidade Federal de Pernambuco e Doutorado em Lingu\u00edstica pela Universidade Federal de Alagoas. \u00c9 professora Associada do Departamento de Educa\u00e7\u00e3o da Universidade Federal Rural de Pernambuco. Tem experi\u00eancia na \u00e1rea de Educa\u00e7\u00e3o e Linguagem, com \u00eanfase em M\u00e9todos e T\u00e9cnicas de Ensino, [&hellip;]","og_url":"https:\/\/enala.com.br\/2023\/convidados\/rosangela-oliveira-cruz-pimenta\/","og_site_name":"II ENALA - Encontro Nacional de Lingu\u00edstica Aplicada","article_publisher":"https:\/\/www.facebook.com\/gedeall.ufal","article_published_time":"2023-09-20T14:04:21+00:00","article_modified_time":"2023-09-20T18:08:02+00:00","og_image":[{"width":600,"height":600,"url":"https:\/\/mlftgx9lfndb.i.optimole.com\/w:auto\/h:auto\/q:mauto\/f:best\/https:\/\/enala.com.br\/2023\/wp-content\/uploads\/2023\/07\/ROSANGELA.jpg","type":"image\/jpeg"}],"author":"Enala","twitter_card":"summary_large_image","twitter_misc":{"Escrito por":"Enala","Est. tempo de leitura":"1 minuto"},"schema":{"@context":"https:\/\/schema.org","@graph":[{"@type":"Article","@id":"https:\/\/enala.com.br\/2023\/convidados\/rosangela-oliveira-cruz-pimenta\/#article","isPartOf":{"@id":"https:\/\/enala.com.br\/2023\/convidados\/rosangela-oliveira-cruz-pimenta\/"},"author":{"name":"Enala","@id":"https:\/\/enala.com.br\/2023\/#\/schema\/person\/29eb545576ad6ed557cc4906d62a902f"},"headline":"Ros\u00e2ngela Oliveira Cruz Pimenta (UFRPE)","datePublished":"2023-09-20T14:04:21+00:00","dateModified":"2023-09-20T18:08:02+00:00","mainEntityOfPage":{"@id":"https:\/\/enala.com.br\/2023\/convidados\/rosangela-oliveira-cruz-pimenta\/"},"wordCount":214,"commentCount":0,"publisher":{"@id":"https:\/\/enala.com.br\/2023\/#organization"},"articleSection":["Convidados","Palestrante"],"inLanguage":"pt-BR","potentialAction":[{"@type":"CommentAction","name":"Comment","target":["https:\/\/enala.com.br\/2023\/convidados\/rosangela-oliveira-cruz-pimenta\/#respond"]}]},{"@type":"WebPage","@id":"https:\/\/enala.com.br\/2023\/convidados\/rosangela-oliveira-cruz-pimenta\/","url":"https:\/\/enala.com.br\/2023\/convidados\/rosangela-oliveira-cruz-pimenta\/","name":"Ros\u00e2ngela Oliveira Cruz Pimenta (UFRPE) - II ENALA - Encontro Nacional de Lingu\u00edstica Aplicada","isPartOf":{"@id":"https:\/\/enala.com.br\/2023\/#website"},"datePublished":"2023-09-20T14:04:21+00:00","dateModified":"2023-09-20T18:08:02+00:00","breadcrumb":{"@id":"https:\/\/enala.com.br\/2023\/convidados\/rosangela-oliveira-cruz-pimenta\/#breadcrumb"},"inLanguage":"pt-BR","potentialAction":[{"@type":"ReadAction","target":["https:\/\/enala.com.br\/2023\/convidados\/rosangela-oliveira-cruz-pimenta\/"]}]},{"@type":"BreadcrumbList","@id":"https:\/\/enala.com.br\/2023\/convidados\/rosangela-oliveira-cruz-pimenta\/#breadcrumb","itemListElement":[{"@type":"ListItem","position":1,"name":"In\u00edcio","item":"https:\/\/enala.com.br\/2023\/"},{"@type":"ListItem","position":2,"name":"Convidados","item":"https:\/\/enala.com.br\/2023\/category\/convidados\/"},{"@type":"ListItem","position":3,"name":"Ros\u00e2ngela Oliveira Cruz Pimenta (UFRPE)"}]},{"@type":"WebSite","@id":"https:\/\/enala.com.br\/2023\/#website","url":"https:\/\/enala.com.br\/2023\/","name":"II ENALA - Encontro Nacional de Lingu\u00edstica Aplicada","description":"Site oficial do Encontro Nacional de Lingu\u00edstica Aplicada, evento bienal, realizado pelo Grupo de Estudos Discurso, Ensino e Aprendizagem de L\u00ednguas e Literaturas, vinculado ao Programa de P\u00f3s-Gradua\u00e7\u00e3o em Lingu\u00edstica e Literatura (PPGLL) da Universidade Federal de Alagoas (UFAL)","publisher":{"@id":"https:\/\/enala.com.br\/2023\/#organization"},"potentialAction":[{"@type":"SearchAction","target":{"@type":"EntryPoint","urlTemplate":"https:\/\/enala.com.br\/2023\/?s={search_term_string}"},"query-input":"required name=search_term_string"}],"inLanguage":"pt-BR"},{"@type":"Organization","@id":"https:\/\/enala.com.br\/2023\/#organization","name":"II Enala","url":"https:\/\/enala.com.br\/2023\/","logo":{"@type":"ImageObject","inLanguage":"pt-BR","@id":"https:\/\/enala.com.br\/2023\/#\/schema\/logo\/image\/","url":"https:\/\/mlftgx9lfndb.i.optimole.com\/w:auto\/h:auto\/q:mauto\/f:best\/https:\/\/enala.com.br\/2023\/wp-content\/uploads\/2023\/03\/cropped-LOGO-header.png","contentUrl":"https:\/\/mlftgx9lfndb.i.optimole.com\/w:auto\/h:auto\/q:mauto\/f:best\/https:\/\/enala.com.br\/2023\/wp-content\/uploads\/2023\/03\/cropped-LOGO-header.png","width":202,"height":58,"caption":"II Enala"},"image":{"@id":"https:\/\/enala.com.br\/2023\/#\/schema\/logo\/image\/"},"sameAs":["https:\/\/www.facebook.com\/gedeall.ufal","https:\/\/www.instagram.com\/gedeall.ufal","https:\/\/www.youtube.com\/gedeall"]},{"@type":"Person","@id":"https:\/\/enala.com.br\/2023\/#\/schema\/person\/29eb545576ad6ed557cc4906d62a902f","name":"Enala","image":{"@type":"ImageObject","inLanguage":"pt-BR","@id":"https:\/\/enala.com.br\/2023\/#\/schema\/person\/image\/","url":"https:\/\/mlftgx9lfndb.i.optimole.com\/w:auto\/h:auto\/q:mauto\/f:best\/https:\/\/enala.com.br\/2023\/wp-content\/litespeed\/avatar\/410803b79b1d710ec4eac4f8f79077ee.jpg?ver=1777546124","contentUrl":"https:\/\/mlftgx9lfndb.i.optimole.com\/w:auto\/h:auto\/q:mauto\/f:best\/https:\/\/enala.com.br\/2023\/wp-content\/litespeed\/avatar\/410803b79b1d710ec4eac4f8f79077ee.jpg?ver=1777546124","caption":"Enala"},"url":"https:\/\/enala.com.br\/2023\/author\/enalaeditor\/"}]}},"jetpack_featured_media_url":"https:\/\/mlftgx9lfndb.i.optimole.com\/w:auto\/h:auto\/q:mauto\/f:best\/https:\/\/enala.com.br\/2023\/wp-content\/uploads\/2023\/07\/ROSANGELA.jpg","_links":{"self":[{"href":"https:\/\/enala.com.br\/2023\/wp-json\/wp\/v2\/posts\/13044"}],"collection":[{"href":"https:\/\/enala.com.br\/2023\/wp-json\/wp\/v2\/posts"}],"about":[{"href":"https:\/\/enala.com.br\/2023\/wp-json\/wp\/v2\/types\/post"}],"author":[{"embeddable":true,"href":"https:\/\/enala.com.br\/2023\/wp-json\/wp\/v2\/users\/2"}],"replies":[{"embeddable":true,"href":"https:\/\/enala.com.br\/2023\/wp-json\/wp\/v2\/comments?post=13044"}],"version-history":[{"count":3,"href":"https:\/\/enala.com.br\/2023\/wp-json\/wp\/v2\/posts\/13044\/revisions"}],"predecessor-version":[{"id":13105,"href":"https:\/\/enala.com.br\/2023\/wp-json\/wp\/v2\/posts\/13044\/revisions\/13105"}],"wp:featuredmedia":[{"embeddable":true,"href":"https:\/\/enala.com.br\/2023\/wp-json\/wp\/v2\/media\/11853"}],"wp:attachment":[{"href":"https:\/\/enala.com.br\/2023\/wp-json\/wp\/v2\/media?parent=13044"}],"wp:term":[{"taxonomy":"category","embeddable":true,"href":"https:\/\/enala.com.br\/2023\/wp-json\/wp\/v2\/categories?post=13044"},{"taxonomy":"post_tag","embeddable":true,"href":"https:\/\/enala.com.br\/2023\/wp-json\/wp\/v2\/tags?post=13044"},{"taxonomy":"post_folder","embeddable":true,"href":"https:\/\/enala.com.br\/2023\/wp-json\/wp\/v2\/post_folder?post=13044"}],"curies":[{"name":"wp","href":"https:\/\/api.w.org\/{rel}","templated":true}]}}