{"id":13041,"date":"2023-09-20T11:03:00","date_gmt":"2023-09-20T14:03:00","guid":{"rendered":"https:\/\/enala.com.br\/?p=13041"},"modified":"2023-09-20T15:07:55","modified_gmt":"2023-09-20T18:07:55","slug":"rita-de-cassia-souto-maior","status":"publish","type":"post","link":"https:\/\/enala.com.br\/2023\/convidados\/rita-de-cassia-souto-maior\/","title":{"rendered":"Rita de C\u00e1ssia Souto Maior (UFAL)"},"content":{"rendered":"\n<p>Professora associada da Faculdade de Letras da Universidade Federal de Alagoas (FALE\/UFAL) na Gradua\u00e7\u00e3o e na P\u00f3s-gradua\u00e7\u00e3o. Doutora e mestre em Lingu\u00edstica pelo Programa de P\u00f3s-Gradua\u00e7\u00e3o em Lingu\u00edstica e Literatura (PPGLL\/UFAL), foi licenciada em Letras\/Portugu\u00eas na mesma Universidade. Realizou estudos de p\u00f3s-doutoramento no Programa de P\u00f3s-gradua\u00e7\u00e3o em Lingu\u00edstica (PPGL\/UFC) pela Universidade Federal do Cear\u00e1. Atualmente \u00e9 diretora da Faculdade de Letras\/UFAL, coordenadora do GT Ensino e Aprendizagem na Perspectiva da Lingu\u00edstica Aplicada (EAPLA\/ANPOLL). Participa e \u00e9 uma das l\u00edderes do Grupo de Estudos Discurso, Ensino e Aprendizagem de L\u00ednguas e Literatura (GEDEALL\/UFAL), \u00e9 uma das coordenadoras do Laborat\u00f3rio Linguagens, G\u00eaneros e Sexualidades (LLiGSe) e integra, como participante, o Grupo de Estudos e Pesquisas em Lingu\u00edstica Aplicada (GEPLA\/UFC). Foi coordenadora do Programa de Inicia\u00e7\u00e3o \u00e0 Doc\u00eancia L\u00edngua Portuguesa\/PIBID na FALE de 2015 a 2018, coordenadora do Idioma sem Fronteiras de 2016 a 2018 e secret\u00e1ria da Associa\u00e7\u00e3o Brasileira de Lingu\u00edstica (ABRALIN) de 2018-2020. Coordena o Projeto Universal (CNPq\/UFAL &#8211; 2022-2025), intitulado &#8220;A implementa\u00e7\u00e3o dos Referenciais Curriculares Municipais e Estaduais para o ensino de L\u00edngua Portuguesa em Alagoas e no Cear\u00e1: os caminhos da BNCC para a educa\u00e7\u00e3o b\u00e1sica e para a forma\u00e7\u00e3o de professores. e coordena o projeto financiado pela Funda\u00e7\u00e3o de Amparo \u00e0 Pesquisa do Estado de Alagoas (FAPEAL-20022\/2024), intitulado &#8220;A implementa\u00e7\u00e3o dos Referenciais Curriculares de ALAGOAS\/Linguagens e Linguagens e suas Tecnologias: pesquisa das pr\u00e1ticas nas escolas e elabora\u00e7\u00e3o de Dicion\u00e1rio&#8221;. Articula reflex\u00f5es sobre o ensino e aprendizagem de L\u00ednguas (materna, estrangeira e Libras) e a abordagem discursiva de ensino, a partir da perspectiva te\u00f3rico-metodol\u00f3gica da Lingu\u00edstica Aplicada. Atualmente desenvolvendo pesquisas com os seguintes temas: Estudos dos Letramentos; Estudos das subjetividades e pr\u00e1ticas sociais de linguagem; Pesquisas das Pr\u00e1ticas identit\u00e1rias; Estudos de Ethos e da Argumenta\u00e7\u00e3o; Estudos dial\u00f3gicos bakhtinianos; Produ\u00e7\u00e3o de textos em LM, LE e Libras; Estudos da \u00e9tica-discursiva; Saberes e Forma\u00e7\u00e3o Docentes. https:\/\/orcid.org\/0000-0002-2613-8863<\/p>\n","protected":false},"excerpt":{"rendered":"<p>Professora associada da Faculdade de Letras da Universidade Federal de Alagoas (FALE\/UFAL) na Gradua\u00e7\u00e3o e na P\u00f3s-gradua\u00e7\u00e3o. Doutora e mestre em Lingu\u00edstica pelo Programa de P\u00f3s-Gradua\u00e7\u00e3o em Lingu\u00edstica e Literatura (PPGLL\/UFAL), foi licenciada em Letras\/Portugu\u00eas na mesma Universidade. Realizou estudos de p\u00f3s-doutoramento no Programa de P\u00f3s-gradua\u00e7\u00e3o em Lingu\u00edstica (PPGL\/UFC) pela Universidade Federal do Cear\u00e1. Atualmente [&hellip;]<\/p>\n","protected":false},"author":2,"featured_media":11852,"comment_status":"open","ping_status":"open","sticky":false,"template":"","format":"standard","meta":{"ngg_post_thumbnail":0,"footnotes":""},"categories":[111,114],"tags":[],"post_folder":[],"acf":[],"yoast_head":"<!-- This site is optimized with the Yoast SEO plugin v21.2 - https:\/\/yoast.com\/wordpress\/plugins\/seo\/ -->\n<title>Rita de C\u00e1ssia Souto Maior (UFAL) - II ENALA - Encontro Nacional de Lingu\u00edstica Aplicada<\/title>\n<meta name=\"robots\" content=\"index, follow, max-snippet:-1, max-image-preview:large, max-video-preview:-1\" \/>\n<link rel=\"canonical\" href=\"https:\/\/enala.com.br\/2023\/convidados\/rita-de-cassia-souto-maior\/\" \/>\n<meta property=\"og:locale\" content=\"pt_BR\" \/>\n<meta property=\"og:type\" content=\"article\" \/>\n<meta property=\"og:title\" content=\"Rita de C\u00e1ssia Souto Maior (UFAL) - II ENALA - Encontro Nacional de Lingu\u00edstica Aplicada\" \/>\n<meta property=\"og:description\" content=\"Professora associada da Faculdade de Letras da Universidade Federal de Alagoas (FALE\/UFAL) na Gradua\u00e7\u00e3o e na P\u00f3s-gradua\u00e7\u00e3o. Doutora e mestre em Lingu\u00edstica pelo Programa de P\u00f3s-Gradua\u00e7\u00e3o em Lingu\u00edstica e Literatura (PPGLL\/UFAL), foi licenciada em Letras\/Portugu\u00eas na mesma Universidade. Realizou estudos de p\u00f3s-doutoramento no Programa de P\u00f3s-gradua\u00e7\u00e3o em Lingu\u00edstica (PPGL\/UFC) pela Universidade Federal do Cear\u00e1. Atualmente [&hellip;]\" \/>\n<meta property=\"og:url\" content=\"https:\/\/enala.com.br\/2023\/convidados\/rita-de-cassia-souto-maior\/\" \/>\n<meta property=\"og:site_name\" content=\"II ENALA - Encontro Nacional de Lingu\u00edstica Aplicada\" \/>\n<meta property=\"article:publisher\" content=\"https:\/\/www.facebook.com\/gedeall.ufal\" \/>\n<meta property=\"article:published_time\" content=\"2023-09-20T14:03:00+00:00\" \/>\n<meta property=\"article:modified_time\" content=\"2023-09-20T18:07:55+00:00\" \/>\n<meta property=\"og:image\" content=\"https:\/\/mlftgx9lfndb.i.optimole.com\/w:auto\/h:auto\/q:mauto\/f:best\/https:\/\/enala.com.br\/2023\/wp-content\/uploads\/2023\/07\/RITASOUTO.jpg\" \/>\n\t<meta property=\"og:image:width\" content=\"600\" \/>\n\t<meta property=\"og:image:height\" content=\"600\" \/>\n\t<meta property=\"og:image:type\" content=\"image\/jpeg\" \/>\n<meta name=\"author\" content=\"Enala\" \/>\n<meta name=\"twitter:card\" content=\"summary_large_image\" \/>\n<meta name=\"twitter:label1\" content=\"Escrito por\" \/>\n\t<meta name=\"twitter:data1\" content=\"Enala\" \/>\n\t<meta name=\"twitter:label2\" content=\"Est. tempo de leitura\" \/>\n\t<meta name=\"twitter:data2\" content=\"2 minutos\" \/>\n<script type=\"application\/ld+json\" class=\"yoast-schema-graph\">{\"@context\":\"https:\/\/schema.org\",\"@graph\":[{\"@type\":\"Article\",\"@id\":\"https:\/\/enala.com.br\/2023\/convidados\/rita-de-cassia-souto-maior\/#article\",\"isPartOf\":{\"@id\":\"https:\/\/enala.com.br\/2023\/convidados\/rita-de-cassia-souto-maior\/\"},\"author\":{\"name\":\"Enala\",\"@id\":\"https:\/\/enala.com.br\/2023\/#\/schema\/person\/29eb545576ad6ed557cc4906d62a902f\"},\"headline\":\"Rita de C\u00e1ssia Souto Maior (UFAL)\",\"datePublished\":\"2023-09-20T14:03:00+00:00\",\"dateModified\":\"2023-09-20T18:07:55+00:00\",\"mainEntityOfPage\":{\"@id\":\"https:\/\/enala.com.br\/2023\/convidados\/rita-de-cassia-souto-maior\/\"},\"wordCount\":365,\"commentCount\":0,\"publisher\":{\"@id\":\"https:\/\/enala.com.br\/2023\/#organization\"},\"articleSection\":[\"Convidados\",\"Palestrante\"],\"inLanguage\":\"pt-BR\",\"potentialAction\":[{\"@type\":\"CommentAction\",\"name\":\"Comment\",\"target\":[\"https:\/\/enala.com.br\/2023\/convidados\/rita-de-cassia-souto-maior\/#respond\"]}]},{\"@type\":\"WebPage\",\"@id\":\"https:\/\/enala.com.br\/2023\/convidados\/rita-de-cassia-souto-maior\/\",\"url\":\"https:\/\/enala.com.br\/2023\/convidados\/rita-de-cassia-souto-maior\/\",\"name\":\"Rita de C\u00e1ssia Souto Maior (UFAL) - II ENALA - Encontro Nacional de Lingu\u00edstica Aplicada\",\"isPartOf\":{\"@id\":\"https:\/\/enala.com.br\/2023\/#website\"},\"datePublished\":\"2023-09-20T14:03:00+00:00\",\"dateModified\":\"2023-09-20T18:07:55+00:00\",\"breadcrumb\":{\"@id\":\"https:\/\/enala.com.br\/2023\/convidados\/rita-de-cassia-souto-maior\/#breadcrumb\"},\"inLanguage\":\"pt-BR\",\"potentialAction\":[{\"@type\":\"ReadAction\",\"target\":[\"https:\/\/enala.com.br\/2023\/convidados\/rita-de-cassia-souto-maior\/\"]}]},{\"@type\":\"BreadcrumbList\",\"@id\":\"https:\/\/enala.com.br\/2023\/convidados\/rita-de-cassia-souto-maior\/#breadcrumb\",\"itemListElement\":[{\"@type\":\"ListItem\",\"position\":1,\"name\":\"In\u00edcio\",\"item\":\"https:\/\/enala.com.br\/2023\/\"},{\"@type\":\"ListItem\",\"position\":2,\"name\":\"Convidados\",\"item\":\"https:\/\/enala.com.br\/2023\/category\/convidados\/\"},{\"@type\":\"ListItem\",\"position\":3,\"name\":\"Rita de C\u00e1ssia Souto Maior (UFAL)\"}]},{\"@type\":\"WebSite\",\"@id\":\"https:\/\/enala.com.br\/2023\/#website\",\"url\":\"https:\/\/enala.com.br\/2023\/\",\"name\":\"II ENALA - Encontro Nacional de Lingu\u00edstica Aplicada\",\"description\":\"Site oficial do Encontro Nacional de Lingu\u00edstica Aplicada, evento bienal, realizado pelo Grupo de Estudos Discurso, Ensino e Aprendizagem de L\u00ednguas e Literaturas, vinculado ao Programa de P\u00f3s-Gradua\u00e7\u00e3o em Lingu\u00edstica e Literatura (PPGLL) da Universidade Federal de Alagoas (UFAL)\",\"publisher\":{\"@id\":\"https:\/\/enala.com.br\/2023\/#organization\"},\"potentialAction\":[{\"@type\":\"SearchAction\",\"target\":{\"@type\":\"EntryPoint\",\"urlTemplate\":\"https:\/\/enala.com.br\/2023\/?s={search_term_string}\"},\"query-input\":\"required name=search_term_string\"}],\"inLanguage\":\"pt-BR\"},{\"@type\":\"Organization\",\"@id\":\"https:\/\/enala.com.br\/2023\/#organization\",\"name\":\"II Enala\",\"url\":\"https:\/\/enala.com.br\/2023\/\",\"logo\":{\"@type\":\"ImageObject\",\"inLanguage\":\"pt-BR\",\"@id\":\"https:\/\/enala.com.br\/2023\/#\/schema\/logo\/image\/\",\"url\":\"https:\/\/mlftgx9lfndb.i.optimole.com\/w:auto\/h:auto\/q:mauto\/f:best\/https:\/\/enala.com.br\/2023\/wp-content\/uploads\/2023\/03\/cropped-LOGO-header.png\",\"contentUrl\":\"https:\/\/mlftgx9lfndb.i.optimole.com\/w:auto\/h:auto\/q:mauto\/f:best\/https:\/\/enala.com.br\/2023\/wp-content\/uploads\/2023\/03\/cropped-LOGO-header.png\",\"width\":202,\"height\":58,\"caption\":\"II Enala\"},\"image\":{\"@id\":\"https:\/\/enala.com.br\/2023\/#\/schema\/logo\/image\/\"},\"sameAs\":[\"https:\/\/www.facebook.com\/gedeall.ufal\",\"https:\/\/www.instagram.com\/gedeall.ufal\",\"https:\/\/www.youtube.com\/gedeall\"]},{\"@type\":\"Person\",\"@id\":\"https:\/\/enala.com.br\/2023\/#\/schema\/person\/29eb545576ad6ed557cc4906d62a902f\",\"name\":\"Enala\",\"image\":{\"@type\":\"ImageObject\",\"inLanguage\":\"pt-BR\",\"@id\":\"https:\/\/enala.com.br\/2023\/#\/schema\/person\/image\/\",\"url\":\"https:\/\/mlftgx9lfndb.i.optimole.com\/w:auto\/h:auto\/q:mauto\/f:best\/https:\/\/enala.com.br\/2023\/wp-content\/litespeed\/avatar\/410803b79b1d710ec4eac4f8f79077ee.jpg?ver=1777546124\",\"contentUrl\":\"https:\/\/mlftgx9lfndb.i.optimole.com\/w:auto\/h:auto\/q:mauto\/f:best\/https:\/\/enala.com.br\/2023\/wp-content\/litespeed\/avatar\/410803b79b1d710ec4eac4f8f79077ee.jpg?ver=1777546124\",\"caption\":\"Enala\"},\"url\":\"https:\/\/enala.com.br\/2023\/author\/enalaeditor\/\"}]}<\/script>\n<!-- \/ Yoast SEO plugin. -->","yoast_head_json":{"title":"Rita de C\u00e1ssia Souto Maior (UFAL) - II ENALA - Encontro Nacional de Lingu\u00edstica Aplicada","robots":{"index":"index","follow":"follow","max-snippet":"max-snippet:-1","max-image-preview":"max-image-preview:large","max-video-preview":"max-video-preview:-1"},"canonical":"https:\/\/enala.com.br\/2023\/convidados\/rita-de-cassia-souto-maior\/","og_locale":"pt_BR","og_type":"article","og_title":"Rita de C\u00e1ssia Souto Maior (UFAL) - II ENALA - Encontro Nacional de Lingu\u00edstica Aplicada","og_description":"Professora associada da Faculdade de Letras da Universidade Federal de Alagoas (FALE\/UFAL) na Gradua\u00e7\u00e3o e na P\u00f3s-gradua\u00e7\u00e3o. Doutora e mestre em Lingu\u00edstica pelo Programa de P\u00f3s-Gradua\u00e7\u00e3o em Lingu\u00edstica e Literatura (PPGLL\/UFAL), foi licenciada em Letras\/Portugu\u00eas na mesma Universidade. Realizou estudos de p\u00f3s-doutoramento no Programa de P\u00f3s-gradua\u00e7\u00e3o em Lingu\u00edstica (PPGL\/UFC) pela Universidade Federal do Cear\u00e1. Atualmente [&hellip;]","og_url":"https:\/\/enala.com.br\/2023\/convidados\/rita-de-cassia-souto-maior\/","og_site_name":"II ENALA - Encontro Nacional de Lingu\u00edstica Aplicada","article_publisher":"https:\/\/www.facebook.com\/gedeall.ufal","article_published_time":"2023-09-20T14:03:00+00:00","article_modified_time":"2023-09-20T18:07:55+00:00","og_image":[{"width":600,"height":600,"url":"https:\/\/mlftgx9lfndb.i.optimole.com\/w:auto\/h:auto\/q:mauto\/f:best\/https:\/\/enala.com.br\/2023\/wp-content\/uploads\/2023\/07\/RITASOUTO.jpg","type":"image\/jpeg"}],"author":"Enala","twitter_card":"summary_large_image","twitter_misc":{"Escrito por":"Enala","Est. tempo de leitura":"2 minutos"},"schema":{"@context":"https:\/\/schema.org","@graph":[{"@type":"Article","@id":"https:\/\/enala.com.br\/2023\/convidados\/rita-de-cassia-souto-maior\/#article","isPartOf":{"@id":"https:\/\/enala.com.br\/2023\/convidados\/rita-de-cassia-souto-maior\/"},"author":{"name":"Enala","@id":"https:\/\/enala.com.br\/2023\/#\/schema\/person\/29eb545576ad6ed557cc4906d62a902f"},"headline":"Rita de C\u00e1ssia Souto Maior (UFAL)","datePublished":"2023-09-20T14:03:00+00:00","dateModified":"2023-09-20T18:07:55+00:00","mainEntityOfPage":{"@id":"https:\/\/enala.com.br\/2023\/convidados\/rita-de-cassia-souto-maior\/"},"wordCount":365,"commentCount":0,"publisher":{"@id":"https:\/\/enala.com.br\/2023\/#organization"},"articleSection":["Convidados","Palestrante"],"inLanguage":"pt-BR","potentialAction":[{"@type":"CommentAction","name":"Comment","target":["https:\/\/enala.com.br\/2023\/convidados\/rita-de-cassia-souto-maior\/#respond"]}]},{"@type":"WebPage","@id":"https:\/\/enala.com.br\/2023\/convidados\/rita-de-cassia-souto-maior\/","url":"https:\/\/enala.com.br\/2023\/convidados\/rita-de-cassia-souto-maior\/","name":"Rita de C\u00e1ssia Souto Maior (UFAL) - II ENALA - Encontro Nacional de Lingu\u00edstica Aplicada","isPartOf":{"@id":"https:\/\/enala.com.br\/2023\/#website"},"datePublished":"2023-09-20T14:03:00+00:00","dateModified":"2023-09-20T18:07:55+00:00","breadcrumb":{"@id":"https:\/\/enala.com.br\/2023\/convidados\/rita-de-cassia-souto-maior\/#breadcrumb"},"inLanguage":"pt-BR","potentialAction":[{"@type":"ReadAction","target":["https:\/\/enala.com.br\/2023\/convidados\/rita-de-cassia-souto-maior\/"]}]},{"@type":"BreadcrumbList","@id":"https:\/\/enala.com.br\/2023\/convidados\/rita-de-cassia-souto-maior\/#breadcrumb","itemListElement":[{"@type":"ListItem","position":1,"name":"In\u00edcio","item":"https:\/\/enala.com.br\/2023\/"},{"@type":"ListItem","position":2,"name":"Convidados","item":"https:\/\/enala.com.br\/2023\/category\/convidados\/"},{"@type":"ListItem","position":3,"name":"Rita de C\u00e1ssia Souto Maior (UFAL)"}]},{"@type":"WebSite","@id":"https:\/\/enala.com.br\/2023\/#website","url":"https:\/\/enala.com.br\/2023\/","name":"II ENALA - Encontro Nacional de Lingu\u00edstica Aplicada","description":"Site oficial do Encontro Nacional de Lingu\u00edstica Aplicada, evento bienal, realizado pelo Grupo de Estudos Discurso, Ensino e Aprendizagem de L\u00ednguas e Literaturas, vinculado ao Programa de P\u00f3s-Gradua\u00e7\u00e3o em Lingu\u00edstica e Literatura (PPGLL) da Universidade Federal de Alagoas (UFAL)","publisher":{"@id":"https:\/\/enala.com.br\/2023\/#organization"},"potentialAction":[{"@type":"SearchAction","target":{"@type":"EntryPoint","urlTemplate":"https:\/\/enala.com.br\/2023\/?s={search_term_string}"},"query-input":"required name=search_term_string"}],"inLanguage":"pt-BR"},{"@type":"Organization","@id":"https:\/\/enala.com.br\/2023\/#organization","name":"II Enala","url":"https:\/\/enala.com.br\/2023\/","logo":{"@type":"ImageObject","inLanguage":"pt-BR","@id":"https:\/\/enala.com.br\/2023\/#\/schema\/logo\/image\/","url":"https:\/\/mlftgx9lfndb.i.optimole.com\/w:auto\/h:auto\/q:mauto\/f:best\/https:\/\/enala.com.br\/2023\/wp-content\/uploads\/2023\/03\/cropped-LOGO-header.png","contentUrl":"https:\/\/mlftgx9lfndb.i.optimole.com\/w:auto\/h:auto\/q:mauto\/f:best\/https:\/\/enala.com.br\/2023\/wp-content\/uploads\/2023\/03\/cropped-LOGO-header.png","width":202,"height":58,"caption":"II Enala"},"image":{"@id":"https:\/\/enala.com.br\/2023\/#\/schema\/logo\/image\/"},"sameAs":["https:\/\/www.facebook.com\/gedeall.ufal","https:\/\/www.instagram.com\/gedeall.ufal","https:\/\/www.youtube.com\/gedeall"]},{"@type":"Person","@id":"https:\/\/enala.com.br\/2023\/#\/schema\/person\/29eb545576ad6ed557cc4906d62a902f","name":"Enala","image":{"@type":"ImageObject","inLanguage":"pt-BR","@id":"https:\/\/enala.com.br\/2023\/#\/schema\/person\/image\/","url":"https:\/\/mlftgx9lfndb.i.optimole.com\/w:auto\/h:auto\/q:mauto\/f:best\/https:\/\/enala.com.br\/2023\/wp-content\/litespeed\/avatar\/410803b79b1d710ec4eac4f8f79077ee.jpg?ver=1777546124","contentUrl":"https:\/\/mlftgx9lfndb.i.optimole.com\/w:auto\/h:auto\/q:mauto\/f:best\/https:\/\/enala.com.br\/2023\/wp-content\/litespeed\/avatar\/410803b79b1d710ec4eac4f8f79077ee.jpg?ver=1777546124","caption":"Enala"},"url":"https:\/\/enala.com.br\/2023\/author\/enalaeditor\/"}]}},"jetpack_featured_media_url":"https:\/\/mlftgx9lfndb.i.optimole.com\/w:auto\/h:auto\/q:mauto\/f:best\/https:\/\/enala.com.br\/2023\/wp-content\/uploads\/2023\/07\/RITASOUTO.jpg","_links":{"self":[{"href":"https:\/\/enala.com.br\/2023\/wp-json\/wp\/v2\/posts\/13041"}],"collection":[{"href":"https:\/\/enala.com.br\/2023\/wp-json\/wp\/v2\/posts"}],"about":[{"href":"https:\/\/enala.com.br\/2023\/wp-json\/wp\/v2\/types\/post"}],"author":[{"embeddable":true,"href":"https:\/\/enala.com.br\/2023\/wp-json\/wp\/v2\/users\/2"}],"replies":[{"embeddable":true,"href":"https:\/\/enala.com.br\/2023\/wp-json\/wp\/v2\/comments?post=13041"}],"version-history":[{"count":3,"href":"https:\/\/enala.com.br\/2023\/wp-json\/wp\/v2\/posts\/13041\/revisions"}],"predecessor-version":[{"id":13104,"href":"https:\/\/enala.com.br\/2023\/wp-json\/wp\/v2\/posts\/13041\/revisions\/13104"}],"wp:featuredmedia":[{"embeddable":true,"href":"https:\/\/enala.com.br\/2023\/wp-json\/wp\/v2\/media\/11852"}],"wp:attachment":[{"href":"https:\/\/enala.com.br\/2023\/wp-json\/wp\/v2\/media?parent=13041"}],"wp:term":[{"taxonomy":"category","embeddable":true,"href":"https:\/\/enala.com.br\/2023\/wp-json\/wp\/v2\/categories?post=13041"},{"taxonomy":"post_tag","embeddable":true,"href":"https:\/\/enala.com.br\/2023\/wp-json\/wp\/v2\/tags?post=13041"},{"taxonomy":"post_folder","embeddable":true,"href":"https:\/\/enala.com.br\/2023\/wp-json\/wp\/v2\/post_folder?post=13041"}],"curies":[{"name":"wp","href":"https:\/\/api.w.org\/{rel}","templated":true}]}}