{"id":13036,"date":"2023-09-20T11:01:51","date_gmt":"2023-09-20T14:01:51","guid":{"rendered":"https:\/\/enala.com.br\/?p=13036"},"modified":"2023-09-20T15:07:48","modified_gmt":"2023-09-20T18:07:48","slug":"nildiceia-aparecida-rocha","status":"publish","type":"post","link":"https:\/\/enala.com.br\/2023\/convidados\/nildiceia-aparecida-rocha\/","title":{"rendered":"Nildiceia Aparecida Rocha (UNESP)"},"content":{"rendered":"\n<p>Livre Docente em Portugu\u00eas L\u00edngua Estrangeira(PLE) pela Universidade Estadual Paulista &#8211; Unesp, em 2018. Vice-presidente da SIPLE &#8211; 2023-2025. \u00c9 professora junto ao Departamento de Letras Modernas e da P\u00f3s-gradua\u00e7\u00e3o em L\u00edngu\u00edstica e L\u00edngua Portuguesa da Faculdade de Ci\u00eancias e Letras da Unesp, de Araraquara (SP). P\u00f3s-doutorado em PLE na Facultad de Filolog\u00eda, Universidad de Salamanca (09\/2022 a 02\/2023), P\u00f3s-doutora em Ensino e aprendizagem de l\u00ednguas estrangeiras, Universidad de Sevilla, Espanha (2014-2015). Doutora em Lingu\u00edstica e L\u00edngua Portuguesa, Unesp\/FCLAraraquara (SP), Mestre em Estudos Liter\u00e1rios, Unesp\/FCLAraraquara, p\u00f3s-graduada em L\u00edngua, Literatura e Ensino de L\u00edngua Espanhola, Unioeste de Foz do Igua\u00e7u (PR), p\u00f3s-graduada em &#8220;Docencia Universitaria&#8221; pela Universidad Nacional de Misiones, UNaM (Argentina), licenciada em Letras Portugu\u00eas e Ingl\u00eas pela Unesp\/Ibilce (SP) e licenciada em Letras Portugu\u00eas e Espanhol pela Facemed (Faculdade de Medianeira, PR). \u00c9 l\u00edder do Grupo de Pesquisa em Ensino e Aprendizagem de L\u00ednguas Estrangeiras (GPEALE). Atua nas \u00e1reas de An\u00e1lise de Discurso, Lingu\u00edstica Aplicada e Ensino e Aprendizagem de L\u00ednguas Estrangeiras, especialmente de Portugu\u00eas e Espanhol como L\u00ednguas Estrangeiras. Autora de diversas publica\u00e7\u00f5es nacionais e internacionais. Membro de Corpo Editorial da Revista EntreL\u00ednguas (FCLAr\/UNESP). Coordenadora do Projeto Redes de Pesquisa Internacional (CAPES PrInt 2), &#8220;Ensino e aprendizagem de Portugu\u00eas L\u00edngua Estrangeira e Espanhol L\u00edngua Estrangeira: Interfaces &#8211; EAPELE&#8221;, em parceria com Espanha, Alemanha, Fran\u00e7a e Portugal. Representante da Unesp na Rede IsF Andifes na \u00e1rea de Portugu\u00eas L\u00edngua Estrangeira &#8211; PLE. Atualmente \u00e9 vice-coordenadora do Programa de P\u00f3s-Gradua\u00e7\u00e3o em Lingu\u00edstica e L\u00edngua Portuguesa da FCLAr\/UNESP (Nota 6). Membro no Observat\u00f3rio de Portugu\u00eas L\u00edngua Estrangeira \/ Segunda L\u00edngua (ObsPLE-PL2). Investigador Externo del Instituto Universitarios de Estudios de Am\u00e9rica ? IEAL ? Un. Sevilla, Espanha. Representante titular da Unesp no &#8220;Nucleo Disciplinario&#8221; PELSE (Portugu\u00eas e espanhol l\u00edngua estrangeira e segunda l\u00edngua), na AUGM.<\/p>\n","protected":false},"excerpt":{"rendered":"<p>Livre Docente em Portugu\u00eas L\u00edngua Estrangeira(PLE) pela Universidade Estadual Paulista &#8211; Unesp, em 2018. Vice-presidente da SIPLE &#8211; 2023-2025. \u00c9 professora junto ao Departamento de Letras Modernas e da P\u00f3s-gradua\u00e7\u00e3o em L\u00edngu\u00edstica e L\u00edngua Portuguesa da Faculdade de Ci\u00eancias e Letras da Unesp, de Araraquara (SP). P\u00f3s-doutorado em PLE na Facultad de Filolog\u00eda, Universidad de [&hellip;]<\/p>\n","protected":false},"author":2,"featured_media":11843,"comment_status":"open","ping_status":"open","sticky":false,"template":"","format":"standard","meta":{"ngg_post_thumbnail":0,"footnotes":""},"categories":[111,114],"tags":[],"post_folder":[],"acf":[],"yoast_head":"<!-- This site is optimized with the Yoast SEO plugin v21.2 - https:\/\/yoast.com\/wordpress\/plugins\/seo\/ -->\n<title>Nildiceia Aparecida Rocha (UNESP) - II ENALA - Encontro Nacional de Lingu\u00edstica Aplicada<\/title>\n<meta name=\"robots\" content=\"index, follow, max-snippet:-1, max-image-preview:large, max-video-preview:-1\" \/>\n<link rel=\"canonical\" href=\"https:\/\/enala.com.br\/2023\/convidados\/nildiceia-aparecida-rocha\/\" \/>\n<meta property=\"og:locale\" content=\"pt_BR\" \/>\n<meta property=\"og:type\" content=\"article\" \/>\n<meta property=\"og:title\" content=\"Nildiceia Aparecida Rocha (UNESP) - II ENALA - Encontro Nacional de Lingu\u00edstica Aplicada\" \/>\n<meta property=\"og:description\" content=\"Livre Docente em Portugu\u00eas L\u00edngua Estrangeira(PLE) pela Universidade Estadual Paulista &#8211; Unesp, em 2018. Vice-presidente da SIPLE &#8211; 2023-2025. \u00c9 professora junto ao Departamento de Letras Modernas e da P\u00f3s-gradua\u00e7\u00e3o em L\u00edngu\u00edstica e L\u00edngua Portuguesa da Faculdade de Ci\u00eancias e Letras da Unesp, de Araraquara (SP). P\u00f3s-doutorado em PLE na Facultad de Filolog\u00eda, Universidad de [&hellip;]\" \/>\n<meta property=\"og:url\" content=\"https:\/\/enala.com.br\/2023\/convidados\/nildiceia-aparecida-rocha\/\" \/>\n<meta property=\"og:site_name\" content=\"II ENALA - Encontro Nacional de Lingu\u00edstica Aplicada\" \/>\n<meta property=\"article:publisher\" content=\"https:\/\/www.facebook.com\/gedeall.ufal\" \/>\n<meta property=\"article:published_time\" content=\"2023-09-20T14:01:51+00:00\" \/>\n<meta property=\"article:modified_time\" content=\"2023-09-20T18:07:48+00:00\" \/>\n<meta property=\"og:image\" content=\"https:\/\/mlftgx9lfndb.i.optimole.com\/w:auto\/h:auto\/q:mauto\/f:best\/https:\/\/enala.com.br\/2023\/wp-content\/uploads\/2023\/07\/NILDICEIA.jpg\" \/>\n\t<meta property=\"og:image:width\" content=\"600\" \/>\n\t<meta property=\"og:image:height\" content=\"600\" \/>\n\t<meta property=\"og:image:type\" content=\"image\/jpeg\" \/>\n<meta name=\"author\" content=\"Enala\" \/>\n<meta name=\"twitter:card\" content=\"summary_large_image\" \/>\n<meta name=\"twitter:label1\" content=\"Escrito por\" \/>\n\t<meta name=\"twitter:data1\" content=\"Enala\" \/>\n\t<meta name=\"twitter:label2\" content=\"Est. tempo de leitura\" \/>\n\t<meta name=\"twitter:data2\" content=\"2 minutos\" \/>\n<script type=\"application\/ld+json\" class=\"yoast-schema-graph\">{\"@context\":\"https:\/\/schema.org\",\"@graph\":[{\"@type\":\"Article\",\"@id\":\"https:\/\/enala.com.br\/2023\/convidados\/nildiceia-aparecida-rocha\/#article\",\"isPartOf\":{\"@id\":\"https:\/\/enala.com.br\/2023\/convidados\/nildiceia-aparecida-rocha\/\"},\"author\":{\"name\":\"Enala\",\"@id\":\"https:\/\/enala.com.br\/2023\/#\/schema\/person\/29eb545576ad6ed557cc4906d62a902f\"},\"headline\":\"Nildiceia Aparecida Rocha (UNESP)\",\"datePublished\":\"2023-09-20T14:01:51+00:00\",\"dateModified\":\"2023-09-20T18:07:48+00:00\",\"mainEntityOfPage\":{\"@id\":\"https:\/\/enala.com.br\/2023\/convidados\/nildiceia-aparecida-rocha\/\"},\"wordCount\":342,\"commentCount\":0,\"publisher\":{\"@id\":\"https:\/\/enala.com.br\/2023\/#organization\"},\"articleSection\":[\"Convidados\",\"Palestrante\"],\"inLanguage\":\"pt-BR\",\"potentialAction\":[{\"@type\":\"CommentAction\",\"name\":\"Comment\",\"target\":[\"https:\/\/enala.com.br\/2023\/convidados\/nildiceia-aparecida-rocha\/#respond\"]}]},{\"@type\":\"WebPage\",\"@id\":\"https:\/\/enala.com.br\/2023\/convidados\/nildiceia-aparecida-rocha\/\",\"url\":\"https:\/\/enala.com.br\/2023\/convidados\/nildiceia-aparecida-rocha\/\",\"name\":\"Nildiceia Aparecida Rocha (UNESP) - II ENALA - Encontro Nacional de Lingu\u00edstica Aplicada\",\"isPartOf\":{\"@id\":\"https:\/\/enala.com.br\/2023\/#website\"},\"datePublished\":\"2023-09-20T14:01:51+00:00\",\"dateModified\":\"2023-09-20T18:07:48+00:00\",\"breadcrumb\":{\"@id\":\"https:\/\/enala.com.br\/2023\/convidados\/nildiceia-aparecida-rocha\/#breadcrumb\"},\"inLanguage\":\"pt-BR\",\"potentialAction\":[{\"@type\":\"ReadAction\",\"target\":[\"https:\/\/enala.com.br\/2023\/convidados\/nildiceia-aparecida-rocha\/\"]}]},{\"@type\":\"BreadcrumbList\",\"@id\":\"https:\/\/enala.com.br\/2023\/convidados\/nildiceia-aparecida-rocha\/#breadcrumb\",\"itemListElement\":[{\"@type\":\"ListItem\",\"position\":1,\"name\":\"In\u00edcio\",\"item\":\"https:\/\/enala.com.br\/2023\/\"},{\"@type\":\"ListItem\",\"position\":2,\"name\":\"Convidados\",\"item\":\"https:\/\/enala.com.br\/2023\/category\/convidados\/\"},{\"@type\":\"ListItem\",\"position\":3,\"name\":\"Nildiceia Aparecida Rocha (UNESP)\"}]},{\"@type\":\"WebSite\",\"@id\":\"https:\/\/enala.com.br\/2023\/#website\",\"url\":\"https:\/\/enala.com.br\/2023\/\",\"name\":\"II ENALA - Encontro Nacional de Lingu\u00edstica Aplicada\",\"description\":\"Site oficial do Encontro Nacional de Lingu\u00edstica Aplicada, evento bienal, realizado pelo Grupo de Estudos Discurso, Ensino e Aprendizagem de L\u00ednguas e Literaturas, vinculado ao Programa de P\u00f3s-Gradua\u00e7\u00e3o em Lingu\u00edstica e Literatura (PPGLL) da Universidade Federal de Alagoas (UFAL)\",\"publisher\":{\"@id\":\"https:\/\/enala.com.br\/2023\/#organization\"},\"potentialAction\":[{\"@type\":\"SearchAction\",\"target\":{\"@type\":\"EntryPoint\",\"urlTemplate\":\"https:\/\/enala.com.br\/2023\/?s={search_term_string}\"},\"query-input\":\"required name=search_term_string\"}],\"inLanguage\":\"pt-BR\"},{\"@type\":\"Organization\",\"@id\":\"https:\/\/enala.com.br\/2023\/#organization\",\"name\":\"II Enala\",\"url\":\"https:\/\/enala.com.br\/2023\/\",\"logo\":{\"@type\":\"ImageObject\",\"inLanguage\":\"pt-BR\",\"@id\":\"https:\/\/enala.com.br\/2023\/#\/schema\/logo\/image\/\",\"url\":\"https:\/\/mlftgx9lfndb.i.optimole.com\/w:auto\/h:auto\/q:mauto\/f:best\/https:\/\/enala.com.br\/2023\/wp-content\/uploads\/2023\/03\/cropped-LOGO-header.png\",\"contentUrl\":\"https:\/\/mlftgx9lfndb.i.optimole.com\/w:auto\/h:auto\/q:mauto\/f:best\/https:\/\/enala.com.br\/2023\/wp-content\/uploads\/2023\/03\/cropped-LOGO-header.png\",\"width\":202,\"height\":58,\"caption\":\"II Enala\"},\"image\":{\"@id\":\"https:\/\/enala.com.br\/2023\/#\/schema\/logo\/image\/\"},\"sameAs\":[\"https:\/\/www.facebook.com\/gedeall.ufal\",\"https:\/\/www.instagram.com\/gedeall.ufal\",\"https:\/\/www.youtube.com\/gedeall\"]},{\"@type\":\"Person\",\"@id\":\"https:\/\/enala.com.br\/2023\/#\/schema\/person\/29eb545576ad6ed557cc4906d62a902f\",\"name\":\"Enala\",\"image\":{\"@type\":\"ImageObject\",\"inLanguage\":\"pt-BR\",\"@id\":\"https:\/\/enala.com.br\/2023\/#\/schema\/person\/image\/\",\"url\":\"https:\/\/mlftgx9lfndb.i.optimole.com\/w:auto\/h:auto\/q:mauto\/f:best\/https:\/\/enala.com.br\/2023\/wp-content\/litespeed\/avatar\/410803b79b1d710ec4eac4f8f79077ee.jpg?ver=1777546124\",\"contentUrl\":\"https:\/\/mlftgx9lfndb.i.optimole.com\/w:auto\/h:auto\/q:mauto\/f:best\/https:\/\/enala.com.br\/2023\/wp-content\/litespeed\/avatar\/410803b79b1d710ec4eac4f8f79077ee.jpg?ver=1777546124\",\"caption\":\"Enala\"},\"url\":\"https:\/\/enala.com.br\/2023\/author\/enalaeditor\/\"}]}<\/script>\n<!-- \/ Yoast SEO plugin. -->","yoast_head_json":{"title":"Nildiceia Aparecida Rocha (UNESP) - II ENALA - Encontro Nacional de Lingu\u00edstica Aplicada","robots":{"index":"index","follow":"follow","max-snippet":"max-snippet:-1","max-image-preview":"max-image-preview:large","max-video-preview":"max-video-preview:-1"},"canonical":"https:\/\/enala.com.br\/2023\/convidados\/nildiceia-aparecida-rocha\/","og_locale":"pt_BR","og_type":"article","og_title":"Nildiceia Aparecida Rocha (UNESP) - II ENALA - Encontro Nacional de Lingu\u00edstica Aplicada","og_description":"Livre Docente em Portugu\u00eas L\u00edngua Estrangeira(PLE) pela Universidade Estadual Paulista &#8211; Unesp, em 2018. Vice-presidente da SIPLE &#8211; 2023-2025. \u00c9 professora junto ao Departamento de Letras Modernas e da P\u00f3s-gradua\u00e7\u00e3o em L\u00edngu\u00edstica e L\u00edngua Portuguesa da Faculdade de Ci\u00eancias e Letras da Unesp, de Araraquara (SP). P\u00f3s-doutorado em PLE na Facultad de Filolog\u00eda, Universidad de [&hellip;]","og_url":"https:\/\/enala.com.br\/2023\/convidados\/nildiceia-aparecida-rocha\/","og_site_name":"II ENALA - Encontro Nacional de Lingu\u00edstica Aplicada","article_publisher":"https:\/\/www.facebook.com\/gedeall.ufal","article_published_time":"2023-09-20T14:01:51+00:00","article_modified_time":"2023-09-20T18:07:48+00:00","og_image":[{"width":600,"height":600,"url":"https:\/\/mlftgx9lfndb.i.optimole.com\/w:auto\/h:auto\/q:mauto\/f:best\/https:\/\/enala.com.br\/2023\/wp-content\/uploads\/2023\/07\/NILDICEIA.jpg","type":"image\/jpeg"}],"author":"Enala","twitter_card":"summary_large_image","twitter_misc":{"Escrito por":"Enala","Est. tempo de leitura":"2 minutos"},"schema":{"@context":"https:\/\/schema.org","@graph":[{"@type":"Article","@id":"https:\/\/enala.com.br\/2023\/convidados\/nildiceia-aparecida-rocha\/#article","isPartOf":{"@id":"https:\/\/enala.com.br\/2023\/convidados\/nildiceia-aparecida-rocha\/"},"author":{"name":"Enala","@id":"https:\/\/enala.com.br\/2023\/#\/schema\/person\/29eb545576ad6ed557cc4906d62a902f"},"headline":"Nildiceia Aparecida Rocha (UNESP)","datePublished":"2023-09-20T14:01:51+00:00","dateModified":"2023-09-20T18:07:48+00:00","mainEntityOfPage":{"@id":"https:\/\/enala.com.br\/2023\/convidados\/nildiceia-aparecida-rocha\/"},"wordCount":342,"commentCount":0,"publisher":{"@id":"https:\/\/enala.com.br\/2023\/#organization"},"articleSection":["Convidados","Palestrante"],"inLanguage":"pt-BR","potentialAction":[{"@type":"CommentAction","name":"Comment","target":["https:\/\/enala.com.br\/2023\/convidados\/nildiceia-aparecida-rocha\/#respond"]}]},{"@type":"WebPage","@id":"https:\/\/enala.com.br\/2023\/convidados\/nildiceia-aparecida-rocha\/","url":"https:\/\/enala.com.br\/2023\/convidados\/nildiceia-aparecida-rocha\/","name":"Nildiceia Aparecida Rocha (UNESP) - II ENALA - Encontro Nacional de Lingu\u00edstica Aplicada","isPartOf":{"@id":"https:\/\/enala.com.br\/2023\/#website"},"datePublished":"2023-09-20T14:01:51+00:00","dateModified":"2023-09-20T18:07:48+00:00","breadcrumb":{"@id":"https:\/\/enala.com.br\/2023\/convidados\/nildiceia-aparecida-rocha\/#breadcrumb"},"inLanguage":"pt-BR","potentialAction":[{"@type":"ReadAction","target":["https:\/\/enala.com.br\/2023\/convidados\/nildiceia-aparecida-rocha\/"]}]},{"@type":"BreadcrumbList","@id":"https:\/\/enala.com.br\/2023\/convidados\/nildiceia-aparecida-rocha\/#breadcrumb","itemListElement":[{"@type":"ListItem","position":1,"name":"In\u00edcio","item":"https:\/\/enala.com.br\/2023\/"},{"@type":"ListItem","position":2,"name":"Convidados","item":"https:\/\/enala.com.br\/2023\/category\/convidados\/"},{"@type":"ListItem","position":3,"name":"Nildiceia Aparecida Rocha (UNESP)"}]},{"@type":"WebSite","@id":"https:\/\/enala.com.br\/2023\/#website","url":"https:\/\/enala.com.br\/2023\/","name":"II ENALA - Encontro Nacional de Lingu\u00edstica Aplicada","description":"Site oficial do Encontro Nacional de Lingu\u00edstica Aplicada, evento bienal, realizado pelo Grupo de Estudos Discurso, Ensino e Aprendizagem de L\u00ednguas e Literaturas, vinculado ao Programa de P\u00f3s-Gradua\u00e7\u00e3o em Lingu\u00edstica e Literatura (PPGLL) da Universidade Federal de Alagoas (UFAL)","publisher":{"@id":"https:\/\/enala.com.br\/2023\/#organization"},"potentialAction":[{"@type":"SearchAction","target":{"@type":"EntryPoint","urlTemplate":"https:\/\/enala.com.br\/2023\/?s={search_term_string}"},"query-input":"required name=search_term_string"}],"inLanguage":"pt-BR"},{"@type":"Organization","@id":"https:\/\/enala.com.br\/2023\/#organization","name":"II Enala","url":"https:\/\/enala.com.br\/2023\/","logo":{"@type":"ImageObject","inLanguage":"pt-BR","@id":"https:\/\/enala.com.br\/2023\/#\/schema\/logo\/image\/","url":"https:\/\/mlftgx9lfndb.i.optimole.com\/w:auto\/h:auto\/q:mauto\/f:best\/https:\/\/enala.com.br\/2023\/wp-content\/uploads\/2023\/03\/cropped-LOGO-header.png","contentUrl":"https:\/\/mlftgx9lfndb.i.optimole.com\/w:auto\/h:auto\/q:mauto\/f:best\/https:\/\/enala.com.br\/2023\/wp-content\/uploads\/2023\/03\/cropped-LOGO-header.png","width":202,"height":58,"caption":"II Enala"},"image":{"@id":"https:\/\/enala.com.br\/2023\/#\/schema\/logo\/image\/"},"sameAs":["https:\/\/www.facebook.com\/gedeall.ufal","https:\/\/www.instagram.com\/gedeall.ufal","https:\/\/www.youtube.com\/gedeall"]},{"@type":"Person","@id":"https:\/\/enala.com.br\/2023\/#\/schema\/person\/29eb545576ad6ed557cc4906d62a902f","name":"Enala","image":{"@type":"ImageObject","inLanguage":"pt-BR","@id":"https:\/\/enala.com.br\/2023\/#\/schema\/person\/image\/","url":"https:\/\/mlftgx9lfndb.i.optimole.com\/w:auto\/h:auto\/q:mauto\/f:best\/https:\/\/enala.com.br\/2023\/wp-content\/litespeed\/avatar\/410803b79b1d710ec4eac4f8f79077ee.jpg?ver=1777546124","contentUrl":"https:\/\/mlftgx9lfndb.i.optimole.com\/w:auto\/h:auto\/q:mauto\/f:best\/https:\/\/enala.com.br\/2023\/wp-content\/litespeed\/avatar\/410803b79b1d710ec4eac4f8f79077ee.jpg?ver=1777546124","caption":"Enala"},"url":"https:\/\/enala.com.br\/2023\/author\/enalaeditor\/"}]}},"jetpack_featured_media_url":"https:\/\/mlftgx9lfndb.i.optimole.com\/w:auto\/h:auto\/q:mauto\/f:best\/https:\/\/enala.com.br\/2023\/wp-content\/uploads\/2023\/07\/NILDICEIA.jpg","_links":{"self":[{"href":"https:\/\/enala.com.br\/2023\/wp-json\/wp\/v2\/posts\/13036"}],"collection":[{"href":"https:\/\/enala.com.br\/2023\/wp-json\/wp\/v2\/posts"}],"about":[{"href":"https:\/\/enala.com.br\/2023\/wp-json\/wp\/v2\/types\/post"}],"author":[{"embeddable":true,"href":"https:\/\/enala.com.br\/2023\/wp-json\/wp\/v2\/users\/2"}],"replies":[{"embeddable":true,"href":"https:\/\/enala.com.br\/2023\/wp-json\/wp\/v2\/comments?post=13036"}],"version-history":[{"count":3,"href":"https:\/\/enala.com.br\/2023\/wp-json\/wp\/v2\/posts\/13036\/revisions"}],"predecessor-version":[{"id":13103,"href":"https:\/\/enala.com.br\/2023\/wp-json\/wp\/v2\/posts\/13036\/revisions\/13103"}],"wp:featuredmedia":[{"embeddable":true,"href":"https:\/\/enala.com.br\/2023\/wp-json\/wp\/v2\/media\/11843"}],"wp:attachment":[{"href":"https:\/\/enala.com.br\/2023\/wp-json\/wp\/v2\/media?parent=13036"}],"wp:term":[{"taxonomy":"category","embeddable":true,"href":"https:\/\/enala.com.br\/2023\/wp-json\/wp\/v2\/categories?post=13036"},{"taxonomy":"post_tag","embeddable":true,"href":"https:\/\/enala.com.br\/2023\/wp-json\/wp\/v2\/tags?post=13036"},{"taxonomy":"post_folder","embeddable":true,"href":"https:\/\/enala.com.br\/2023\/wp-json\/wp\/v2\/post_folder?post=13036"}],"curies":[{"name":"wp","href":"https:\/\/api.w.org\/{rel}","templated":true}]}}