{"id":13028,"date":"2023-09-20T10:57:34","date_gmt":"2023-09-20T13:57:34","guid":{"rendered":"https:\/\/enala.com.br\/?p=13028"},"modified":"2023-09-20T15:07:31","modified_gmt":"2023-09-20T18:07:31","slug":"maria-teresa-tedesco-vilardo-abreu","status":"publish","type":"post","link":"https:\/\/enala.com.br\/2023\/convidados\/maria-teresa-tedesco-vilardo-abreu\/","title":{"rendered":"Maria Teresa Tedesco Vilardo Abreu (UERJ)"},"content":{"rendered":"\n<p>P\u00f3s-Doutora em Lingu\u00edstica pela Universidade de Col\u00f4nia, Alemanha (2017), Doutora pela Universidade Federal do Rio de Janeiro (2002), Mestre em Lingu\u00edstica pela Universidade Federal do Rio de Janeiro (1992). Atua como docente na UERJ, desde 1985, no Col\u00e9gio de Aplica\u00e7\u00e3o Fernando Rodrigues da Silveira; desde 2003, no Instituto de Letras, tanto nos cursos de Gradua\u00e7\u00e3o quanto nos de P\u00f3s- Gradua\u00e7\u00e3o stricto sensu. Professora Titular de L\u00edngua Portuguesa do Departamento de L\u00edngua Portuguesa, Literatura Portuguesa e Filologia. Foi Professora Associada da Universidade do Estado do Rio de Janeiro (2014 a 2021). Em 2019\/ 2020 atuou como Professora Visitante da Universidade de Heidelberg, Alemanha, subsidiada pelo Projeto CapesPrInt. Vice-L\u00edder do Grupo de Pesquisa SELEPROT, Diret\u00f3rio CNPQ. Vice-L\u00ecder do Grupo de Pesquisa INTEGRA, Diret\u00f3rio CNPQ. Tem experi\u00eancia na \u00e1rea de Letras, com \u00eanfase em L\u00edngua Portuguesa, atuando principalmente nos seguintes temas: Ensino de L\u00edngua Portuguesa, Uso e descri\u00e7\u00e3o da L\u00edngua Portuguesa, Avalia\u00e7\u00f5es em Larga Escala. Tem experi\u00eancia em diferentes Bancas Examinadoras, em processos seletivos e reda\u00e7\u00e3o. Autora de v\u00e1rios artigos e organizadora de livros publicados.<\/p>\n","protected":false},"excerpt":{"rendered":"<p>P\u00f3s-Doutora em Lingu\u00edstica pela Universidade de Col\u00f4nia, Alemanha (2017), Doutora pela Universidade Federal do Rio de Janeiro (2002), Mestre em Lingu\u00edstica pela Universidade Federal do Rio de Janeiro (1992). Atua como docente na UERJ, desde 1985, no Col\u00e9gio de Aplica\u00e7\u00e3o Fernando Rodrigues da Silveira; desde 2003, no Instituto de Letras, tanto nos cursos de Gradua\u00e7\u00e3o [&hellip;]<\/p>\n","protected":false},"author":2,"featured_media":11862,"comment_status":"open","ping_status":"open","sticky":false,"template":"","format":"standard","meta":{"ngg_post_thumbnail":0,"footnotes":""},"categories":[111,114],"tags":[],"post_folder":[],"acf":[],"yoast_head":"<!-- This site is optimized with the Yoast SEO plugin v21.2 - https:\/\/yoast.com\/wordpress\/plugins\/seo\/ -->\n<title>Maria Teresa Tedesco Vilardo Abreu (UERJ) - II ENALA - Encontro Nacional de Lingu\u00edstica Aplicada<\/title>\n<meta name=\"robots\" content=\"index, follow, max-snippet:-1, max-image-preview:large, max-video-preview:-1\" \/>\n<link rel=\"canonical\" href=\"https:\/\/enala.com.br\/2023\/convidados\/maria-teresa-tedesco-vilardo-abreu\/\" \/>\n<meta property=\"og:locale\" content=\"pt_BR\" \/>\n<meta property=\"og:type\" content=\"article\" \/>\n<meta property=\"og:title\" content=\"Maria Teresa Tedesco Vilardo Abreu (UERJ) - II ENALA - Encontro Nacional de Lingu\u00edstica Aplicada\" \/>\n<meta property=\"og:description\" content=\"P\u00f3s-Doutora em Lingu\u00edstica pela Universidade de Col\u00f4nia, Alemanha (2017), Doutora pela Universidade Federal do Rio de Janeiro (2002), Mestre em Lingu\u00edstica pela Universidade Federal do Rio de Janeiro (1992). Atua como docente na UERJ, desde 1985, no Col\u00e9gio de Aplica\u00e7\u00e3o Fernando Rodrigues da Silveira; desde 2003, no Instituto de Letras, tanto nos cursos de Gradua\u00e7\u00e3o [&hellip;]\" \/>\n<meta property=\"og:url\" content=\"https:\/\/enala.com.br\/2023\/convidados\/maria-teresa-tedesco-vilardo-abreu\/\" \/>\n<meta property=\"og:site_name\" content=\"II ENALA - Encontro Nacional de Lingu\u00edstica Aplicada\" \/>\n<meta property=\"article:publisher\" content=\"https:\/\/www.facebook.com\/gedeall.ufal\" \/>\n<meta property=\"article:published_time\" content=\"2023-09-20T13:57:34+00:00\" \/>\n<meta property=\"article:modified_time\" content=\"2023-09-20T18:07:31+00:00\" \/>\n<meta property=\"og:image\" content=\"https:\/\/mlftgx9lfndb.i.optimole.com\/w:auto\/h:auto\/q:mauto\/f:best\/https:\/\/enala.com.br\/2023\/wp-content\/uploads\/2023\/07\/TERESA.jpg\" \/>\n\t<meta property=\"og:image:width\" content=\"600\" \/>\n\t<meta property=\"og:image:height\" content=\"600\" \/>\n\t<meta property=\"og:image:type\" content=\"image\/jpeg\" \/>\n<meta name=\"author\" content=\"Enala\" \/>\n<meta name=\"twitter:card\" content=\"summary_large_image\" \/>\n<meta name=\"twitter:label1\" content=\"Escrito por\" \/>\n\t<meta name=\"twitter:data1\" content=\"Enala\" \/>\n\t<meta name=\"twitter:label2\" content=\"Est. tempo de leitura\" \/>\n\t<meta name=\"twitter:data2\" content=\"1 minuto\" \/>\n<script type=\"application\/ld+json\" class=\"yoast-schema-graph\">{\"@context\":\"https:\/\/schema.org\",\"@graph\":[{\"@type\":\"Article\",\"@id\":\"https:\/\/enala.com.br\/2023\/convidados\/maria-teresa-tedesco-vilardo-abreu\/#article\",\"isPartOf\":{\"@id\":\"https:\/\/enala.com.br\/2023\/convidados\/maria-teresa-tedesco-vilardo-abreu\/\"},\"author\":{\"name\":\"Enala\",\"@id\":\"https:\/\/enala.com.br\/2023\/#\/schema\/person\/29eb545576ad6ed557cc4906d62a902f\"},\"headline\":\"Maria Teresa Tedesco Vilardo Abreu (UERJ)\",\"datePublished\":\"2023-09-20T13:57:34+00:00\",\"dateModified\":\"2023-09-20T18:07:31+00:00\",\"mainEntityOfPage\":{\"@id\":\"https:\/\/enala.com.br\/2023\/convidados\/maria-teresa-tedesco-vilardo-abreu\/\"},\"wordCount\":193,\"commentCount\":0,\"publisher\":{\"@id\":\"https:\/\/enala.com.br\/2023\/#organization\"},\"articleSection\":[\"Convidados\",\"Palestrante\"],\"inLanguage\":\"pt-BR\",\"potentialAction\":[{\"@type\":\"CommentAction\",\"name\":\"Comment\",\"target\":[\"https:\/\/enala.com.br\/2023\/convidados\/maria-teresa-tedesco-vilardo-abreu\/#respond\"]}]},{\"@type\":\"WebPage\",\"@id\":\"https:\/\/enala.com.br\/2023\/convidados\/maria-teresa-tedesco-vilardo-abreu\/\",\"url\":\"https:\/\/enala.com.br\/2023\/convidados\/maria-teresa-tedesco-vilardo-abreu\/\",\"name\":\"Maria Teresa Tedesco Vilardo Abreu (UERJ) - II ENALA - Encontro Nacional de Lingu\u00edstica Aplicada\",\"isPartOf\":{\"@id\":\"https:\/\/enala.com.br\/2023\/#website\"},\"datePublished\":\"2023-09-20T13:57:34+00:00\",\"dateModified\":\"2023-09-20T18:07:31+00:00\",\"breadcrumb\":{\"@id\":\"https:\/\/enala.com.br\/2023\/convidados\/maria-teresa-tedesco-vilardo-abreu\/#breadcrumb\"},\"inLanguage\":\"pt-BR\",\"potentialAction\":[{\"@type\":\"ReadAction\",\"target\":[\"https:\/\/enala.com.br\/2023\/convidados\/maria-teresa-tedesco-vilardo-abreu\/\"]}]},{\"@type\":\"BreadcrumbList\",\"@id\":\"https:\/\/enala.com.br\/2023\/convidados\/maria-teresa-tedesco-vilardo-abreu\/#breadcrumb\",\"itemListElement\":[{\"@type\":\"ListItem\",\"position\":1,\"name\":\"In\u00edcio\",\"item\":\"https:\/\/enala.com.br\/2023\/\"},{\"@type\":\"ListItem\",\"position\":2,\"name\":\"Convidados\",\"item\":\"https:\/\/enala.com.br\/2023\/category\/convidados\/\"},{\"@type\":\"ListItem\",\"position\":3,\"name\":\"Maria Teresa Tedesco Vilardo Abreu (UERJ)\"}]},{\"@type\":\"WebSite\",\"@id\":\"https:\/\/enala.com.br\/2023\/#website\",\"url\":\"https:\/\/enala.com.br\/2023\/\",\"name\":\"II ENALA - Encontro Nacional de Lingu\u00edstica Aplicada\",\"description\":\"Site oficial do Encontro Nacional de Lingu\u00edstica Aplicada, evento bienal, realizado pelo Grupo de Estudos Discurso, Ensino e Aprendizagem de L\u00ednguas e Literaturas, vinculado ao Programa de P\u00f3s-Gradua\u00e7\u00e3o em Lingu\u00edstica e Literatura (PPGLL) da Universidade Federal de Alagoas (UFAL)\",\"publisher\":{\"@id\":\"https:\/\/enala.com.br\/2023\/#organization\"},\"potentialAction\":[{\"@type\":\"SearchAction\",\"target\":{\"@type\":\"EntryPoint\",\"urlTemplate\":\"https:\/\/enala.com.br\/2023\/?s={search_term_string}\"},\"query-input\":\"required name=search_term_string\"}],\"inLanguage\":\"pt-BR\"},{\"@type\":\"Organization\",\"@id\":\"https:\/\/enala.com.br\/2023\/#organization\",\"name\":\"II Enala\",\"url\":\"https:\/\/enala.com.br\/2023\/\",\"logo\":{\"@type\":\"ImageObject\",\"inLanguage\":\"pt-BR\",\"@id\":\"https:\/\/enala.com.br\/2023\/#\/schema\/logo\/image\/\",\"url\":\"https:\/\/mlftgx9lfndb.i.optimole.com\/w:auto\/h:auto\/q:mauto\/f:best\/https:\/\/enala.com.br\/2023\/wp-content\/uploads\/2023\/03\/cropped-LOGO-header.png\",\"contentUrl\":\"https:\/\/mlftgx9lfndb.i.optimole.com\/w:auto\/h:auto\/q:mauto\/f:best\/https:\/\/enala.com.br\/2023\/wp-content\/uploads\/2023\/03\/cropped-LOGO-header.png\",\"width\":202,\"height\":58,\"caption\":\"II Enala\"},\"image\":{\"@id\":\"https:\/\/enala.com.br\/2023\/#\/schema\/logo\/image\/\"},\"sameAs\":[\"https:\/\/www.facebook.com\/gedeall.ufal\",\"https:\/\/www.instagram.com\/gedeall.ufal\",\"https:\/\/www.youtube.com\/gedeall\"]},{\"@type\":\"Person\",\"@id\":\"https:\/\/enala.com.br\/2023\/#\/schema\/person\/29eb545576ad6ed557cc4906d62a902f\",\"name\":\"Enala\",\"image\":{\"@type\":\"ImageObject\",\"inLanguage\":\"pt-BR\",\"@id\":\"https:\/\/enala.com.br\/2023\/#\/schema\/person\/image\/\",\"url\":\"https:\/\/mlftgx9lfndb.i.optimole.com\/w:auto\/h:auto\/q:mauto\/f:best\/https:\/\/enala.com.br\/2023\/wp-content\/litespeed\/avatar\/410803b79b1d710ec4eac4f8f79077ee.jpg?ver=1777546124\",\"contentUrl\":\"https:\/\/mlftgx9lfndb.i.optimole.com\/w:auto\/h:auto\/q:mauto\/f:best\/https:\/\/enala.com.br\/2023\/wp-content\/litespeed\/avatar\/410803b79b1d710ec4eac4f8f79077ee.jpg?ver=1777546124\",\"caption\":\"Enala\"},\"url\":\"https:\/\/enala.com.br\/2023\/author\/enalaeditor\/\"}]}<\/script>\n<!-- \/ Yoast SEO plugin. -->","yoast_head_json":{"title":"Maria Teresa Tedesco Vilardo Abreu (UERJ) - II ENALA - Encontro Nacional de Lingu\u00edstica Aplicada","robots":{"index":"index","follow":"follow","max-snippet":"max-snippet:-1","max-image-preview":"max-image-preview:large","max-video-preview":"max-video-preview:-1"},"canonical":"https:\/\/enala.com.br\/2023\/convidados\/maria-teresa-tedesco-vilardo-abreu\/","og_locale":"pt_BR","og_type":"article","og_title":"Maria Teresa Tedesco Vilardo Abreu (UERJ) - II ENALA - Encontro Nacional de Lingu\u00edstica Aplicada","og_description":"P\u00f3s-Doutora em Lingu\u00edstica pela Universidade de Col\u00f4nia, Alemanha (2017), Doutora pela Universidade Federal do Rio de Janeiro (2002), Mestre em Lingu\u00edstica pela Universidade Federal do Rio de Janeiro (1992). Atua como docente na UERJ, desde 1985, no Col\u00e9gio de Aplica\u00e7\u00e3o Fernando Rodrigues da Silveira; desde 2003, no Instituto de Letras, tanto nos cursos de Gradua\u00e7\u00e3o [&hellip;]","og_url":"https:\/\/enala.com.br\/2023\/convidados\/maria-teresa-tedesco-vilardo-abreu\/","og_site_name":"II ENALA - Encontro Nacional de Lingu\u00edstica Aplicada","article_publisher":"https:\/\/www.facebook.com\/gedeall.ufal","article_published_time":"2023-09-20T13:57:34+00:00","article_modified_time":"2023-09-20T18:07:31+00:00","og_image":[{"width":600,"height":600,"url":"https:\/\/mlftgx9lfndb.i.optimole.com\/w:auto\/h:auto\/q:mauto\/f:best\/https:\/\/enala.com.br\/2023\/wp-content\/uploads\/2023\/07\/TERESA.jpg","type":"image\/jpeg"}],"author":"Enala","twitter_card":"summary_large_image","twitter_misc":{"Escrito por":"Enala","Est. tempo de leitura":"1 minuto"},"schema":{"@context":"https:\/\/schema.org","@graph":[{"@type":"Article","@id":"https:\/\/enala.com.br\/2023\/convidados\/maria-teresa-tedesco-vilardo-abreu\/#article","isPartOf":{"@id":"https:\/\/enala.com.br\/2023\/convidados\/maria-teresa-tedesco-vilardo-abreu\/"},"author":{"name":"Enala","@id":"https:\/\/enala.com.br\/2023\/#\/schema\/person\/29eb545576ad6ed557cc4906d62a902f"},"headline":"Maria Teresa Tedesco Vilardo Abreu (UERJ)","datePublished":"2023-09-20T13:57:34+00:00","dateModified":"2023-09-20T18:07:31+00:00","mainEntityOfPage":{"@id":"https:\/\/enala.com.br\/2023\/convidados\/maria-teresa-tedesco-vilardo-abreu\/"},"wordCount":193,"commentCount":0,"publisher":{"@id":"https:\/\/enala.com.br\/2023\/#organization"},"articleSection":["Convidados","Palestrante"],"inLanguage":"pt-BR","potentialAction":[{"@type":"CommentAction","name":"Comment","target":["https:\/\/enala.com.br\/2023\/convidados\/maria-teresa-tedesco-vilardo-abreu\/#respond"]}]},{"@type":"WebPage","@id":"https:\/\/enala.com.br\/2023\/convidados\/maria-teresa-tedesco-vilardo-abreu\/","url":"https:\/\/enala.com.br\/2023\/convidados\/maria-teresa-tedesco-vilardo-abreu\/","name":"Maria Teresa Tedesco Vilardo Abreu (UERJ) - II ENALA - Encontro Nacional de Lingu\u00edstica Aplicada","isPartOf":{"@id":"https:\/\/enala.com.br\/2023\/#website"},"datePublished":"2023-09-20T13:57:34+00:00","dateModified":"2023-09-20T18:07:31+00:00","breadcrumb":{"@id":"https:\/\/enala.com.br\/2023\/convidados\/maria-teresa-tedesco-vilardo-abreu\/#breadcrumb"},"inLanguage":"pt-BR","potentialAction":[{"@type":"ReadAction","target":["https:\/\/enala.com.br\/2023\/convidados\/maria-teresa-tedesco-vilardo-abreu\/"]}]},{"@type":"BreadcrumbList","@id":"https:\/\/enala.com.br\/2023\/convidados\/maria-teresa-tedesco-vilardo-abreu\/#breadcrumb","itemListElement":[{"@type":"ListItem","position":1,"name":"In\u00edcio","item":"https:\/\/enala.com.br\/2023\/"},{"@type":"ListItem","position":2,"name":"Convidados","item":"https:\/\/enala.com.br\/2023\/category\/convidados\/"},{"@type":"ListItem","position":3,"name":"Maria Teresa Tedesco Vilardo Abreu (UERJ)"}]},{"@type":"WebSite","@id":"https:\/\/enala.com.br\/2023\/#website","url":"https:\/\/enala.com.br\/2023\/","name":"II ENALA - Encontro Nacional de Lingu\u00edstica Aplicada","description":"Site oficial do Encontro Nacional de Lingu\u00edstica Aplicada, evento bienal, realizado pelo Grupo de Estudos Discurso, Ensino e Aprendizagem de L\u00ednguas e Literaturas, vinculado ao Programa de P\u00f3s-Gradua\u00e7\u00e3o em Lingu\u00edstica e Literatura (PPGLL) da Universidade Federal de Alagoas (UFAL)","publisher":{"@id":"https:\/\/enala.com.br\/2023\/#organization"},"potentialAction":[{"@type":"SearchAction","target":{"@type":"EntryPoint","urlTemplate":"https:\/\/enala.com.br\/2023\/?s={search_term_string}"},"query-input":"required name=search_term_string"}],"inLanguage":"pt-BR"},{"@type":"Organization","@id":"https:\/\/enala.com.br\/2023\/#organization","name":"II Enala","url":"https:\/\/enala.com.br\/2023\/","logo":{"@type":"ImageObject","inLanguage":"pt-BR","@id":"https:\/\/enala.com.br\/2023\/#\/schema\/logo\/image\/","url":"https:\/\/mlftgx9lfndb.i.optimole.com\/w:auto\/h:auto\/q:mauto\/f:best\/https:\/\/enala.com.br\/2023\/wp-content\/uploads\/2023\/03\/cropped-LOGO-header.png","contentUrl":"https:\/\/mlftgx9lfndb.i.optimole.com\/w:auto\/h:auto\/q:mauto\/f:best\/https:\/\/enala.com.br\/2023\/wp-content\/uploads\/2023\/03\/cropped-LOGO-header.png","width":202,"height":58,"caption":"II Enala"},"image":{"@id":"https:\/\/enala.com.br\/2023\/#\/schema\/logo\/image\/"},"sameAs":["https:\/\/www.facebook.com\/gedeall.ufal","https:\/\/www.instagram.com\/gedeall.ufal","https:\/\/www.youtube.com\/gedeall"]},{"@type":"Person","@id":"https:\/\/enala.com.br\/2023\/#\/schema\/person\/29eb545576ad6ed557cc4906d62a902f","name":"Enala","image":{"@type":"ImageObject","inLanguage":"pt-BR","@id":"https:\/\/enala.com.br\/2023\/#\/schema\/person\/image\/","url":"https:\/\/mlftgx9lfndb.i.optimole.com\/w:auto\/h:auto\/q:mauto\/f:best\/https:\/\/enala.com.br\/2023\/wp-content\/litespeed\/avatar\/410803b79b1d710ec4eac4f8f79077ee.jpg?ver=1777546124","contentUrl":"https:\/\/mlftgx9lfndb.i.optimole.com\/w:auto\/h:auto\/q:mauto\/f:best\/https:\/\/enala.com.br\/2023\/wp-content\/litespeed\/avatar\/410803b79b1d710ec4eac4f8f79077ee.jpg?ver=1777546124","caption":"Enala"},"url":"https:\/\/enala.com.br\/2023\/author\/enalaeditor\/"}]}},"jetpack_featured_media_url":"https:\/\/mlftgx9lfndb.i.optimole.com\/w:auto\/h:auto\/q:mauto\/f:best\/https:\/\/enala.com.br\/2023\/wp-content\/uploads\/2023\/07\/TERESA.jpg","_links":{"self":[{"href":"https:\/\/enala.com.br\/2023\/wp-json\/wp\/v2\/posts\/13028"}],"collection":[{"href":"https:\/\/enala.com.br\/2023\/wp-json\/wp\/v2\/posts"}],"about":[{"href":"https:\/\/enala.com.br\/2023\/wp-json\/wp\/v2\/types\/post"}],"author":[{"embeddable":true,"href":"https:\/\/enala.com.br\/2023\/wp-json\/wp\/v2\/users\/2"}],"replies":[{"embeddable":true,"href":"https:\/\/enala.com.br\/2023\/wp-json\/wp\/v2\/comments?post=13028"}],"version-history":[{"count":3,"href":"https:\/\/enala.com.br\/2023\/wp-json\/wp\/v2\/posts\/13028\/revisions"}],"predecessor-version":[{"id":13102,"href":"https:\/\/enala.com.br\/2023\/wp-json\/wp\/v2\/posts\/13028\/revisions\/13102"}],"wp:featuredmedia":[{"embeddable":true,"href":"https:\/\/enala.com.br\/2023\/wp-json\/wp\/v2\/media\/11862"}],"wp:attachment":[{"href":"https:\/\/enala.com.br\/2023\/wp-json\/wp\/v2\/media?parent=13028"}],"wp:term":[{"taxonomy":"category","embeddable":true,"href":"https:\/\/enala.com.br\/2023\/wp-json\/wp\/v2\/categories?post=13028"},{"taxonomy":"post_tag","embeddable":true,"href":"https:\/\/enala.com.br\/2023\/wp-json\/wp\/v2\/tags?post=13028"},{"taxonomy":"post_folder","embeddable":true,"href":"https:\/\/enala.com.br\/2023\/wp-json\/wp\/v2\/post_folder?post=13028"}],"curies":[{"name":"wp","href":"https:\/\/api.w.org\/{rel}","templated":true}]}}