{"id":12892,"date":"2023-09-14T13:09:37","date_gmt":"2023-09-14T16:09:37","guid":{"rendered":"https:\/\/enala.com.br\/?p=12892"},"modified":"2023-09-15T09:19:56","modified_gmt":"2023-09-15T12:19:56","slug":"francisco-quaresma-de-figueiredo","status":"publish","type":"post","link":"https:\/\/enala.com.br\/2023\/convidados\/palestrante\/francisco-quaresma-de-figueiredo\/","title":{"rendered":"Francisco Jos\u00e9 Quaresma de Figueiredo (UFG)"},"content":{"rendered":"\n<p>\u00e9 Professor Titular de L\u00edngua Inglesa da Universidade Federal de Goi\u00e1s e Pesquisador do CNPq. \u00c9 graduado em Letras Portugu\u00eas Ingl\u00eas pela Universidade Federal de Goi\u00e1s (1988), mestre em Lingu\u00edstica pela Universidade Federal de Goi\u00e1s (1995) e doutor em Lingu\u00edstica Aplicada pela Universidade Federal de Minas Gerais (2001), tendo realizado est\u00e1gio p\u00f3s-doutoral tamb\u00e9m na UFMG (2016). Tem experi\u00eancia na \u00e1rea de Lingu\u00edstica Aplicada, com \u00eanfase em ensino e aprendizagem de l\u00ednguas, atuando principalmente nos seguintes temas: corre\u00e7\u00e3o com os pares, aprendizagem colaborativa, ingl\u00eas, avalia\u00e7\u00e3o, erro e corre\u00e7\u00e3o, cren\u00e7as sobre ensino-aprendizagem de l\u00ednguas, telecolabora\u00e7\u00e3o. Tem vasta publica\u00e7\u00e3o nessas \u00e1reas, em forma de artigos em peri\u00f3dicos especializados e em cap\u00edtulos de livros. \u00c9 autor de Aprendendo com os erros: uma perspectiva comunicativa de ensino de l\u00ednguas; de Semeando a intera\u00e7\u00e3o: a revis\u00e3o dial\u00f3gica de textos escritos em l\u00edngua estrangeira; e de Vygotsky: A intera\u00e7\u00e3o no Ensino\/aprendizagem de l\u00ednguas. Organizou os livros A aprendizagem colaborativa de l\u00ednguas; e Forma\u00e7\u00e3o de Professores de L\u00ednguas Estrangeiras: Princ\u00edpios e Pr\u00e1ticas. Juntamente com Maria Cristina Pimentel Campos, da UFV, organizou os livros Culture and arts in Brazil and in the United States: a bridge of multifaceted languages e Intercultural and interdisciplinary studies: pursuits in higher education Organizou, juntamente com Darcilia Marindir Pinto Sim\u00f5es, da UERJ, os livros Metodologias em\/de lingu\u00edstica aplicada para ensino e aprendizagem de l\u00ednguas; Lingu\u00edstica aplicada, pr\u00e1tica de ensino e aprendizagem de l\u00ednguas; Contribui\u00e7\u00f5es da Lingu\u00edstica Aplicada para o Professor de L\u00ednguas; e Contribui\u00e7\u00f5es da Lingu\u00edstica Aplicada para a Educa\u00e7\u00e3o B\u00e1sica. Em 1992, foi um dos integrantes da delega\u00e7\u00e3o brasileira no programa The Ship for World Youth, patrocinado pelo governo japon\u00eas, experi\u00eancia que lhe possibilitou conhecer o Jap\u00e3o, Estados Unidos, M\u00e9xico e Venezuela. De 2006 a 2010, foi o coordenador da UFG no programa Iniciativa em Artes e Cultura Brasil-Estados Unidos, patrocinado pela CAPES\/FIPSE, em parceria com a Universidade Federal de Vi\u00e7osa e duas institui\u00e7\u00f5es americanas: University of Montevallo e Gadsden State Community College, ambas no estado do Alabama. Coordenou, de 2012 a 2014, o Programa de Licenciatura Internacional (PLI) entre a UFG e a Universidade de Coimbra. Foi o Vice-Coordenador do GT Ensino-Aprendizagem na Perspectiva da Lingu\u00edstica Aplicada, da ANPOLL, nos bi\u00eanios 2012-2014 e 2014-2016, e de 2016 a 2018 foi seu Coordenador. Al\u00e9m do GT, participa do grupo DICE em rede (Discurso, Cultura e Ensino), da qual fazem parte pesquisadores da UFG, UFPE, PUC\/SP, UNIFRAN, Mackenzie, Universidade de Buenos Aires, Universidade do Porto, UFMA, IFMA, UFJF, UNIFESP e UFSJ. UFG. De mar\u00e7o de 2011 a agosto de 2018, foi o Diretor da Faculdade de Letras da UFG. De agosto de 2018 a janeiro de 2022, foi o Secret\u00e1rio de Rela\u00e7\u00f5es Internacionais da UFG. Desde 2019, \u00e9 o Diretor Brasileiro do Instituto Conf\u00facio de Medicina Chinesa da UFG. \u00eb Professor Visitante da Hebei University of Chinese Medicine. Homepage na academia.edu: https:\/\/franciscofigueiredo.academia.edu\/?prem_fnl_first=true Instagram: @franciscoqfigueiredo<\/p>\n","protected":false},"excerpt":{"rendered":"<p>\u00e9 Professor Titular de L\u00edngua Inglesa da Universidade Federal de Goi\u00e1s e Pesquisador do CNPq. \u00c9 graduado em Letras Portugu\u00eas Ingl\u00eas pela Universidade Federal de Goi\u00e1s (1988), mestre em Lingu\u00edstica pela Universidade Federal de Goi\u00e1s (1995) e doutor em Lingu\u00edstica Aplicada pela Universidade Federal de Minas Gerais (2001), tendo realizado est\u00e1gio p\u00f3s-doutoral tamb\u00e9m na UFMG [&hellip;]<\/p>\n","protected":false},"author":2,"featured_media":11390,"comment_status":"open","ping_status":"open","sticky":false,"template":"","format":"standard","meta":{"ngg_post_thumbnail":0,"footnotes":""},"categories":[111,114],"tags":[],"post_folder":[],"acf":[],"yoast_head":"<!-- This site is optimized with the Yoast SEO plugin v21.2 - https:\/\/yoast.com\/wordpress\/plugins\/seo\/ -->\n<title>Francisco Jos\u00e9 Quaresma de Figueiredo (UFG) - II ENALA - Encontro Nacional de Lingu\u00edstica Aplicada<\/title>\n<meta name=\"robots\" content=\"index, follow, max-snippet:-1, max-image-preview:large, max-video-preview:-1\" \/>\n<link rel=\"canonical\" href=\"https:\/\/enala.com.br\/2023\/convidados\/palestrante\/francisco-quaresma-de-figueiredo\/\" \/>\n<meta property=\"og:locale\" content=\"pt_BR\" \/>\n<meta property=\"og:type\" content=\"article\" \/>\n<meta property=\"og:title\" content=\"Francisco Jos\u00e9 Quaresma de Figueiredo (UFG) - II ENALA - Encontro Nacional de Lingu\u00edstica Aplicada\" \/>\n<meta property=\"og:description\" content=\"\u00e9 Professor Titular de L\u00edngua Inglesa da Universidade Federal de Goi\u00e1s e Pesquisador do CNPq. \u00c9 graduado em Letras Portugu\u00eas Ingl\u00eas pela Universidade Federal de Goi\u00e1s (1988), mestre em Lingu\u00edstica pela Universidade Federal de Goi\u00e1s (1995) e doutor em Lingu\u00edstica Aplicada pela Universidade Federal de Minas Gerais (2001), tendo realizado est\u00e1gio p\u00f3s-doutoral tamb\u00e9m na UFMG [&hellip;]\" \/>\n<meta property=\"og:url\" content=\"https:\/\/enala.com.br\/2023\/convidados\/palestrante\/francisco-quaresma-de-figueiredo\/\" \/>\n<meta property=\"og:site_name\" content=\"II ENALA - Encontro Nacional de Lingu\u00edstica Aplicada\" \/>\n<meta property=\"article:publisher\" content=\"https:\/\/www.facebook.com\/gedeall.ufal\" \/>\n<meta property=\"article:published_time\" content=\"2023-09-14T16:09:37+00:00\" \/>\n<meta property=\"article:modified_time\" content=\"2023-09-15T12:19:56+00:00\" \/>\n<meta property=\"og:image\" content=\"https:\/\/mlftgx9lfndb.i.optimole.com\/w:auto\/h:auto\/q:mauto\/f:best\/https:\/\/enala.com.br\/2023\/wp-content\/uploads\/2023\/06\/FRANCISCO-QUARESMA.png\" \/>\n\t<meta property=\"og:image:width\" content=\"1036\" \/>\n\t<meta property=\"og:image:height\" content=\"1036\" \/>\n\t<meta property=\"og:image:type\" content=\"image\/png\" \/>\n<meta name=\"author\" content=\"Enala\" \/>\n<meta name=\"twitter:card\" content=\"summary_large_image\" \/>\n<meta name=\"twitter:label1\" content=\"Escrito por\" \/>\n\t<meta name=\"twitter:data1\" content=\"Enala\" \/>\n\t<meta name=\"twitter:label2\" content=\"Est. tempo de leitura\" \/>\n\t<meta name=\"twitter:data2\" content=\"3 minutos\" \/>\n<script type=\"application\/ld+json\" class=\"yoast-schema-graph\">{\"@context\":\"https:\/\/schema.org\",\"@graph\":[{\"@type\":\"Article\",\"@id\":\"https:\/\/enala.com.br\/2023\/convidados\/palestrante\/francisco-quaresma-de-figueiredo\/#article\",\"isPartOf\":{\"@id\":\"https:\/\/enala.com.br\/2023\/convidados\/palestrante\/francisco-quaresma-de-figueiredo\/\"},\"author\":{\"name\":\"Enala\",\"@id\":\"https:\/\/enala.com.br\/2023\/#\/schema\/person\/29eb545576ad6ed557cc4906d62a902f\"},\"headline\":\"Francisco Jos\u00e9 Quaresma de Figueiredo (UFG)\",\"datePublished\":\"2023-09-14T16:09:37+00:00\",\"dateModified\":\"2023-09-15T12:19:56+00:00\",\"mainEntityOfPage\":{\"@id\":\"https:\/\/enala.com.br\/2023\/convidados\/palestrante\/francisco-quaresma-de-figueiredo\/\"},\"wordCount\":530,\"commentCount\":0,\"publisher\":{\"@id\":\"https:\/\/enala.com.br\/2023\/#organization\"},\"articleSection\":[\"Convidados\",\"Palestrante\"],\"inLanguage\":\"pt-BR\",\"potentialAction\":[{\"@type\":\"CommentAction\",\"name\":\"Comment\",\"target\":[\"https:\/\/enala.com.br\/2023\/convidados\/palestrante\/francisco-quaresma-de-figueiredo\/#respond\"]}]},{\"@type\":\"WebPage\",\"@id\":\"https:\/\/enala.com.br\/2023\/convidados\/palestrante\/francisco-quaresma-de-figueiredo\/\",\"url\":\"https:\/\/enala.com.br\/2023\/convidados\/palestrante\/francisco-quaresma-de-figueiredo\/\",\"name\":\"Francisco Jos\u00e9 Quaresma de Figueiredo (UFG) - II ENALA - Encontro Nacional de Lingu\u00edstica Aplicada\",\"isPartOf\":{\"@id\":\"https:\/\/enala.com.br\/2023\/#website\"},\"datePublished\":\"2023-09-14T16:09:37+00:00\",\"dateModified\":\"2023-09-15T12:19:56+00:00\",\"breadcrumb\":{\"@id\":\"https:\/\/enala.com.br\/2023\/convidados\/palestrante\/francisco-quaresma-de-figueiredo\/#breadcrumb\"},\"inLanguage\":\"pt-BR\",\"potentialAction\":[{\"@type\":\"ReadAction\",\"target\":[\"https:\/\/enala.com.br\/2023\/convidados\/palestrante\/francisco-quaresma-de-figueiredo\/\"]}]},{\"@type\":\"BreadcrumbList\",\"@id\":\"https:\/\/enala.com.br\/2023\/convidados\/palestrante\/francisco-quaresma-de-figueiredo\/#breadcrumb\",\"itemListElement\":[{\"@type\":\"ListItem\",\"position\":1,\"name\":\"In\u00edcio\",\"item\":\"https:\/\/enala.com.br\/2023\/\"},{\"@type\":\"ListItem\",\"position\":2,\"name\":\"Convidados\",\"item\":\"https:\/\/enala.com.br\/2023\/category\/convidados\/\"},{\"@type\":\"ListItem\",\"position\":3,\"name\":\"Palestrante\",\"item\":\"https:\/\/enala.com.br\/2023\/category\/convidados\/palestrante\/\"},{\"@type\":\"ListItem\",\"position\":4,\"name\":\"Francisco Jos\u00e9 Quaresma de Figueiredo (UFG)\"}]},{\"@type\":\"WebSite\",\"@id\":\"https:\/\/enala.com.br\/2023\/#website\",\"url\":\"https:\/\/enala.com.br\/2023\/\",\"name\":\"II ENALA - Encontro Nacional de Lingu\u00edstica Aplicada\",\"description\":\"Site oficial do Encontro Nacional de Lingu\u00edstica Aplicada, evento bienal, realizado pelo Grupo de Estudos Discurso, Ensino e Aprendizagem de L\u00ednguas e Literaturas, vinculado ao Programa de P\u00f3s-Gradua\u00e7\u00e3o em Lingu\u00edstica e Literatura (PPGLL) da Universidade Federal de Alagoas (UFAL)\",\"publisher\":{\"@id\":\"https:\/\/enala.com.br\/2023\/#organization\"},\"potentialAction\":[{\"@type\":\"SearchAction\",\"target\":{\"@type\":\"EntryPoint\",\"urlTemplate\":\"https:\/\/enala.com.br\/2023\/?s={search_term_string}\"},\"query-input\":\"required name=search_term_string\"}],\"inLanguage\":\"pt-BR\"},{\"@type\":\"Organization\",\"@id\":\"https:\/\/enala.com.br\/2023\/#organization\",\"name\":\"II Enala\",\"url\":\"https:\/\/enala.com.br\/2023\/\",\"logo\":{\"@type\":\"ImageObject\",\"inLanguage\":\"pt-BR\",\"@id\":\"https:\/\/enala.com.br\/2023\/#\/schema\/logo\/image\/\",\"url\":\"https:\/\/mlftgx9lfndb.i.optimole.com\/w:auto\/h:auto\/q:mauto\/f:best\/https:\/\/enala.com.br\/2023\/wp-content\/uploads\/2023\/03\/cropped-LOGO-header.png\",\"contentUrl\":\"https:\/\/mlftgx9lfndb.i.optimole.com\/w:auto\/h:auto\/q:mauto\/f:best\/https:\/\/enala.com.br\/2023\/wp-content\/uploads\/2023\/03\/cropped-LOGO-header.png\",\"width\":202,\"height\":58,\"caption\":\"II Enala\"},\"image\":{\"@id\":\"https:\/\/enala.com.br\/2023\/#\/schema\/logo\/image\/\"},\"sameAs\":[\"https:\/\/www.facebook.com\/gedeall.ufal\",\"https:\/\/www.instagram.com\/gedeall.ufal\",\"https:\/\/www.youtube.com\/gedeall\"]},{\"@type\":\"Person\",\"@id\":\"https:\/\/enala.com.br\/2023\/#\/schema\/person\/29eb545576ad6ed557cc4906d62a902f\",\"name\":\"Enala\",\"image\":{\"@type\":\"ImageObject\",\"inLanguage\":\"pt-BR\",\"@id\":\"https:\/\/enala.com.br\/2023\/#\/schema\/person\/image\/\",\"url\":\"https:\/\/mlftgx9lfndb.i.optimole.com\/w:auto\/h:auto\/q:mauto\/f:best\/https:\/\/enala.com.br\/2023\/wp-content\/litespeed\/avatar\/410803b79b1d710ec4eac4f8f79077ee.jpg?ver=1777546124\",\"contentUrl\":\"https:\/\/mlftgx9lfndb.i.optimole.com\/w:auto\/h:auto\/q:mauto\/f:best\/https:\/\/enala.com.br\/2023\/wp-content\/litespeed\/avatar\/410803b79b1d710ec4eac4f8f79077ee.jpg?ver=1777546124\",\"caption\":\"Enala\"},\"url\":\"https:\/\/enala.com.br\/2023\/author\/enalaeditor\/\"}]}<\/script>\n<!-- \/ Yoast SEO plugin. -->","yoast_head_json":{"title":"Francisco Jos\u00e9 Quaresma de Figueiredo (UFG) - II ENALA - Encontro Nacional de Lingu\u00edstica Aplicada","robots":{"index":"index","follow":"follow","max-snippet":"max-snippet:-1","max-image-preview":"max-image-preview:large","max-video-preview":"max-video-preview:-1"},"canonical":"https:\/\/enala.com.br\/2023\/convidados\/palestrante\/francisco-quaresma-de-figueiredo\/","og_locale":"pt_BR","og_type":"article","og_title":"Francisco Jos\u00e9 Quaresma de Figueiredo (UFG) - II ENALA - Encontro Nacional de Lingu\u00edstica Aplicada","og_description":"\u00e9 Professor Titular de L\u00edngua Inglesa da Universidade Federal de Goi\u00e1s e Pesquisador do CNPq. \u00c9 graduado em Letras Portugu\u00eas Ingl\u00eas pela Universidade Federal de Goi\u00e1s (1988), mestre em Lingu\u00edstica pela Universidade Federal de Goi\u00e1s (1995) e doutor em Lingu\u00edstica Aplicada pela Universidade Federal de Minas Gerais (2001), tendo realizado est\u00e1gio p\u00f3s-doutoral tamb\u00e9m na UFMG [&hellip;]","og_url":"https:\/\/enala.com.br\/2023\/convidados\/palestrante\/francisco-quaresma-de-figueiredo\/","og_site_name":"II ENALA - Encontro Nacional de Lingu\u00edstica Aplicada","article_publisher":"https:\/\/www.facebook.com\/gedeall.ufal","article_published_time":"2023-09-14T16:09:37+00:00","article_modified_time":"2023-09-15T12:19:56+00:00","og_image":[{"width":1036,"height":1036,"url":"https:\/\/mlftgx9lfndb.i.optimole.com\/w:auto\/h:auto\/q:mauto\/f:best\/https:\/\/enala.com.br\/2023\/wp-content\/uploads\/2023\/06\/FRANCISCO-QUARESMA.png","type":"image\/png"}],"author":"Enala","twitter_card":"summary_large_image","twitter_misc":{"Escrito por":"Enala","Est. tempo de leitura":"3 minutos"},"schema":{"@context":"https:\/\/schema.org","@graph":[{"@type":"Article","@id":"https:\/\/enala.com.br\/2023\/convidados\/palestrante\/francisco-quaresma-de-figueiredo\/#article","isPartOf":{"@id":"https:\/\/enala.com.br\/2023\/convidados\/palestrante\/francisco-quaresma-de-figueiredo\/"},"author":{"name":"Enala","@id":"https:\/\/enala.com.br\/2023\/#\/schema\/person\/29eb545576ad6ed557cc4906d62a902f"},"headline":"Francisco Jos\u00e9 Quaresma de Figueiredo (UFG)","datePublished":"2023-09-14T16:09:37+00:00","dateModified":"2023-09-15T12:19:56+00:00","mainEntityOfPage":{"@id":"https:\/\/enala.com.br\/2023\/convidados\/palestrante\/francisco-quaresma-de-figueiredo\/"},"wordCount":530,"commentCount":0,"publisher":{"@id":"https:\/\/enala.com.br\/2023\/#organization"},"articleSection":["Convidados","Palestrante"],"inLanguage":"pt-BR","potentialAction":[{"@type":"CommentAction","name":"Comment","target":["https:\/\/enala.com.br\/2023\/convidados\/palestrante\/francisco-quaresma-de-figueiredo\/#respond"]}]},{"@type":"WebPage","@id":"https:\/\/enala.com.br\/2023\/convidados\/palestrante\/francisco-quaresma-de-figueiredo\/","url":"https:\/\/enala.com.br\/2023\/convidados\/palestrante\/francisco-quaresma-de-figueiredo\/","name":"Francisco Jos\u00e9 Quaresma de Figueiredo (UFG) - II ENALA - Encontro Nacional de Lingu\u00edstica Aplicada","isPartOf":{"@id":"https:\/\/enala.com.br\/2023\/#website"},"datePublished":"2023-09-14T16:09:37+00:00","dateModified":"2023-09-15T12:19:56+00:00","breadcrumb":{"@id":"https:\/\/enala.com.br\/2023\/convidados\/palestrante\/francisco-quaresma-de-figueiredo\/#breadcrumb"},"inLanguage":"pt-BR","potentialAction":[{"@type":"ReadAction","target":["https:\/\/enala.com.br\/2023\/convidados\/palestrante\/francisco-quaresma-de-figueiredo\/"]}]},{"@type":"BreadcrumbList","@id":"https:\/\/enala.com.br\/2023\/convidados\/palestrante\/francisco-quaresma-de-figueiredo\/#breadcrumb","itemListElement":[{"@type":"ListItem","position":1,"name":"In\u00edcio","item":"https:\/\/enala.com.br\/2023\/"},{"@type":"ListItem","position":2,"name":"Convidados","item":"https:\/\/enala.com.br\/2023\/category\/convidados\/"},{"@type":"ListItem","position":3,"name":"Palestrante","item":"https:\/\/enala.com.br\/2023\/category\/convidados\/palestrante\/"},{"@type":"ListItem","position":4,"name":"Francisco Jos\u00e9 Quaresma de Figueiredo (UFG)"}]},{"@type":"WebSite","@id":"https:\/\/enala.com.br\/2023\/#website","url":"https:\/\/enala.com.br\/2023\/","name":"II ENALA - Encontro Nacional de Lingu\u00edstica Aplicada","description":"Site oficial do Encontro Nacional de Lingu\u00edstica Aplicada, evento bienal, realizado pelo Grupo de Estudos Discurso, Ensino e Aprendizagem de L\u00ednguas e Literaturas, vinculado ao Programa de P\u00f3s-Gradua\u00e7\u00e3o em Lingu\u00edstica e Literatura (PPGLL) da Universidade Federal de Alagoas (UFAL)","publisher":{"@id":"https:\/\/enala.com.br\/2023\/#organization"},"potentialAction":[{"@type":"SearchAction","target":{"@type":"EntryPoint","urlTemplate":"https:\/\/enala.com.br\/2023\/?s={search_term_string}"},"query-input":"required name=search_term_string"}],"inLanguage":"pt-BR"},{"@type":"Organization","@id":"https:\/\/enala.com.br\/2023\/#organization","name":"II Enala","url":"https:\/\/enala.com.br\/2023\/","logo":{"@type":"ImageObject","inLanguage":"pt-BR","@id":"https:\/\/enala.com.br\/2023\/#\/schema\/logo\/image\/","url":"https:\/\/mlftgx9lfndb.i.optimole.com\/w:auto\/h:auto\/q:mauto\/f:best\/https:\/\/enala.com.br\/2023\/wp-content\/uploads\/2023\/03\/cropped-LOGO-header.png","contentUrl":"https:\/\/mlftgx9lfndb.i.optimole.com\/w:auto\/h:auto\/q:mauto\/f:best\/https:\/\/enala.com.br\/2023\/wp-content\/uploads\/2023\/03\/cropped-LOGO-header.png","width":202,"height":58,"caption":"II Enala"},"image":{"@id":"https:\/\/enala.com.br\/2023\/#\/schema\/logo\/image\/"},"sameAs":["https:\/\/www.facebook.com\/gedeall.ufal","https:\/\/www.instagram.com\/gedeall.ufal","https:\/\/www.youtube.com\/gedeall"]},{"@type":"Person","@id":"https:\/\/enala.com.br\/2023\/#\/schema\/person\/29eb545576ad6ed557cc4906d62a902f","name":"Enala","image":{"@type":"ImageObject","inLanguage":"pt-BR","@id":"https:\/\/enala.com.br\/2023\/#\/schema\/person\/image\/","url":"https:\/\/mlftgx9lfndb.i.optimole.com\/w:auto\/h:auto\/q:mauto\/f:best\/https:\/\/enala.com.br\/2023\/wp-content\/litespeed\/avatar\/410803b79b1d710ec4eac4f8f79077ee.jpg?ver=1777546124","contentUrl":"https:\/\/mlftgx9lfndb.i.optimole.com\/w:auto\/h:auto\/q:mauto\/f:best\/https:\/\/enala.com.br\/2023\/wp-content\/litespeed\/avatar\/410803b79b1d710ec4eac4f8f79077ee.jpg?ver=1777546124","caption":"Enala"},"url":"https:\/\/enala.com.br\/2023\/author\/enalaeditor\/"}]}},"jetpack_featured_media_url":"https:\/\/mlftgx9lfndb.i.optimole.com\/w:auto\/h:auto\/q:mauto\/f:best\/https:\/\/enala.com.br\/2023\/wp-content\/uploads\/2023\/06\/FRANCISCO-QUARESMA.png","_links":{"self":[{"href":"https:\/\/enala.com.br\/2023\/wp-json\/wp\/v2\/posts\/12892"}],"collection":[{"href":"https:\/\/enala.com.br\/2023\/wp-json\/wp\/v2\/posts"}],"about":[{"href":"https:\/\/enala.com.br\/2023\/wp-json\/wp\/v2\/types\/post"}],"author":[{"embeddable":true,"href":"https:\/\/enala.com.br\/2023\/wp-json\/wp\/v2\/users\/2"}],"replies":[{"embeddable":true,"href":"https:\/\/enala.com.br\/2023\/wp-json\/wp\/v2\/comments?post=12892"}],"version-history":[{"count":4,"href":"https:\/\/enala.com.br\/2023\/wp-json\/wp\/v2\/posts\/12892\/revisions"}],"predecessor-version":[{"id":12933,"href":"https:\/\/enala.com.br\/2023\/wp-json\/wp\/v2\/posts\/12892\/revisions\/12933"}],"wp:featuredmedia":[{"embeddable":true,"href":"https:\/\/enala.com.br\/2023\/wp-json\/wp\/v2\/media\/11390"}],"wp:attachment":[{"href":"https:\/\/enala.com.br\/2023\/wp-json\/wp\/v2\/media?parent=12892"}],"wp:term":[{"taxonomy":"category","embeddable":true,"href":"https:\/\/enala.com.br\/2023\/wp-json\/wp\/v2\/categories?post=12892"},{"taxonomy":"post_tag","embeddable":true,"href":"https:\/\/enala.com.br\/2023\/wp-json\/wp\/v2\/tags?post=12892"},{"taxonomy":"post_folder","embeddable":true,"href":"https:\/\/enala.com.br\/2023\/wp-json\/wp\/v2\/post_folder?post=12892"}],"curies":[{"name":"wp","href":"https:\/\/api.w.org\/{rel}","templated":true}]}}