{"id":114,"count":29,"description":"","link":"https:\/\/enala.com.br\/2023\/category\/convidados\/palestrante\/","name":"Palestrante","slug":"palestrante","taxonomy":"category","parent":111,"meta":[],"acf":[],"yoast_head":"<!-- This site is optimized with the Yoast SEO plugin v21.2 - https:\/\/yoast.com\/wordpress\/plugins\/seo\/ -->\n<title>Arquivo de Palestrante - II ENALA - Encontro Nacional de Lingu\u00edstica Aplicada<\/title>\n<meta name=\"robots\" content=\"index, follow, max-snippet:-1, max-image-preview:large, max-video-preview:-1\" \/>\n<link rel=\"canonical\" href=\"https:\/\/enala.com.br\/2023\/category\/convidados\/palestrante\/\" \/>\n<meta property=\"og:locale\" content=\"pt_BR\" \/>\n<meta property=\"og:type\" content=\"article\" \/>\n<meta property=\"og:title\" content=\"Arquivo de Palestrante - II ENALA - Encontro Nacional de Lingu\u00edstica Aplicada\" \/>\n<meta property=\"og:url\" content=\"https:\/\/enala.com.br\/2023\/category\/convidados\/palestrante\/\" \/>\n<meta property=\"og:site_name\" content=\"II ENALA - Encontro Nacional de Lingu\u00edstica Aplicada\" \/>\n<meta property=\"og:image\" content=\"https:\/\/mlftgx9lfndb.i.optimole.com\/w:auto\/h:auto\/q:mauto\/f:best\/https:\/\/enala.com.br\/2023\/wp-content\/uploads\/2023\/05\/IMAGEM.png\" \/>\n\t<meta property=\"og:image:width\" content=\"1200\" \/>\n\t<meta property=\"og:image:height\" content=\"665\" \/>\n\t<meta property=\"og:image:type\" content=\"image\/png\" \/>\n<meta name=\"twitter:card\" content=\"summary_large_image\" \/>\n<script type=\"application\/ld+json\" class=\"yoast-schema-graph\">{\"@context\":\"https:\/\/schema.org\",\"@graph\":[{\"@type\":\"CollectionPage\",\"@id\":\"https:\/\/enala.com.br\/2023\/category\/convidados\/palestrante\/\",\"url\":\"https:\/\/enala.com.br\/2023\/category\/convidados\/palestrante\/\",\"name\":\"Arquivo de Palestrante - II ENALA - Encontro Nacional de Lingu\u00edstica Aplicada\",\"isPartOf\":{\"@id\":\"https:\/\/enala.com.br\/2023\/#website\"},\"breadcrumb\":{\"@id\":\"https:\/\/enala.com.br\/2023\/category\/convidados\/palestrante\/#breadcrumb\"},\"inLanguage\":\"pt-BR\"},{\"@type\":\"BreadcrumbList\",\"@id\":\"https:\/\/enala.com.br\/2023\/category\/convidados\/palestrante\/#breadcrumb\",\"itemListElement\":[{\"@type\":\"ListItem\",\"position\":1,\"name\":\"In\u00edcio\",\"item\":\"https:\/\/enala.com.br\/2023\/\"},{\"@type\":\"ListItem\",\"position\":2,\"name\":\"Convidados\",\"item\":\"https:\/\/enala.com.br\/2023\/category\/convidados\/\"},{\"@type\":\"ListItem\",\"position\":3,\"name\":\"Palestrante\"}]},{\"@type\":\"WebSite\",\"@id\":\"https:\/\/enala.com.br\/2023\/#website\",\"url\":\"https:\/\/enala.com.br\/2023\/\",\"name\":\"II ENALA - Encontro Nacional de Lingu\u00edstica Aplicada\",\"description\":\"Site oficial do Encontro Nacional de Lingu\u00edstica Aplicada, evento bienal, realizado pelo Grupo de Estudos Discurso, Ensino e Aprendizagem de L\u00ednguas e Literaturas, vinculado ao Programa de P\u00f3s-Gradua\u00e7\u00e3o em Lingu\u00edstica e Literatura (PPGLL) da Universidade Federal de Alagoas (UFAL)\",\"publisher\":{\"@id\":\"https:\/\/enala.com.br\/2023\/#organization\"},\"potentialAction\":[{\"@type\":\"SearchAction\",\"target\":{\"@type\":\"EntryPoint\",\"urlTemplate\":\"https:\/\/enala.com.br\/2023\/?s={search_term_string}\"},\"query-input\":\"required name=search_term_string\"}],\"inLanguage\":\"pt-BR\"},{\"@type\":\"Organization\",\"@id\":\"https:\/\/enala.com.br\/2023\/#organization\",\"name\":\"II Enala\",\"url\":\"https:\/\/enala.com.br\/2023\/\",\"logo\":{\"@type\":\"ImageObject\",\"inLanguage\":\"pt-BR\",\"@id\":\"https:\/\/enala.com.br\/2023\/#\/schema\/logo\/image\/\",\"url\":\"https:\/\/mlftgx9lfndb.i.optimole.com\/w:auto\/h:auto\/q:mauto\/f:best\/https:\/\/enala.com.br\/2023\/wp-content\/uploads\/2023\/03\/cropped-LOGO-header.png\",\"contentUrl\":\"https:\/\/mlftgx9lfndb.i.optimole.com\/w:auto\/h:auto\/q:mauto\/f:best\/https:\/\/enala.com.br\/2023\/wp-content\/uploads\/2023\/03\/cropped-LOGO-header.png\",\"width\":202,\"height\":58,\"caption\":\"II Enala\"},\"image\":{\"@id\":\"https:\/\/enala.com.br\/2023\/#\/schema\/logo\/image\/\"},\"sameAs\":[\"https:\/\/www.facebook.com\/gedeall.ufal\",\"https:\/\/www.instagram.com\/gedeall.ufal\",\"https:\/\/www.youtube.com\/gedeall\"]}]}<\/script>\n<!-- \/ Yoast SEO plugin. -->","yoast_head_json":{"title":"Arquivo de Palestrante - II ENALA - Encontro Nacional de Lingu\u00edstica Aplicada","robots":{"index":"index","follow":"follow","max-snippet":"max-snippet:-1","max-image-preview":"max-image-preview:large","max-video-preview":"max-video-preview:-1"},"canonical":"https:\/\/enala.com.br\/2023\/category\/convidados\/palestrante\/","og_locale":"pt_BR","og_type":"article","og_title":"Arquivo de Palestrante - II ENALA - Encontro Nacional de Lingu\u00edstica Aplicada","og_url":"https:\/\/enala.com.br\/2023\/category\/convidados\/palestrante\/","og_site_name":"II ENALA - Encontro Nacional de Lingu\u00edstica Aplicada","og_image":[{"width":1200,"height":665,"url":"https:\/\/mlftgx9lfndb.i.optimole.com\/w:auto\/h:auto\/q:mauto\/f:best\/https:\/\/enala.com.br\/2023\/wp-content\/uploads\/2023\/05\/IMAGEM.png","type":"image\/png"}],"twitter_card":"summary_large_image","schema":{"@context":"https:\/\/schema.org","@graph":[{"@type":"CollectionPage","@id":"https:\/\/enala.com.br\/2023\/category\/convidados\/palestrante\/","url":"https:\/\/enala.com.br\/2023\/category\/convidados\/palestrante\/","name":"Arquivo de Palestrante - II ENALA - Encontro Nacional de Lingu\u00edstica Aplicada","isPartOf":{"@id":"https:\/\/enala.com.br\/2023\/#website"},"breadcrumb":{"@id":"https:\/\/enala.com.br\/2023\/category\/convidados\/palestrante\/#breadcrumb"},"inLanguage":"pt-BR"},{"@type":"BreadcrumbList","@id":"https:\/\/enala.com.br\/2023\/category\/convidados\/palestrante\/#breadcrumb","itemListElement":[{"@type":"ListItem","position":1,"name":"In\u00edcio","item":"https:\/\/enala.com.br\/2023\/"},{"@type":"ListItem","position":2,"name":"Convidados","item":"https:\/\/enala.com.br\/2023\/category\/convidados\/"},{"@type":"ListItem","position":3,"name":"Palestrante"}]},{"@type":"WebSite","@id":"https:\/\/enala.com.br\/2023\/#website","url":"https:\/\/enala.com.br\/2023\/","name":"II ENALA - Encontro Nacional de Lingu\u00edstica Aplicada","description":"Site oficial do Encontro Nacional de Lingu\u00edstica Aplicada, evento bienal, realizado pelo Grupo de Estudos Discurso, Ensino e Aprendizagem de L\u00ednguas e Literaturas, vinculado ao Programa de P\u00f3s-Gradua\u00e7\u00e3o em Lingu\u00edstica e Literatura (PPGLL) da Universidade Federal de Alagoas (UFAL)","publisher":{"@id":"https:\/\/enala.com.br\/2023\/#organization"},"potentialAction":[{"@type":"SearchAction","target":{"@type":"EntryPoint","urlTemplate":"https:\/\/enala.com.br\/2023\/?s={search_term_string}"},"query-input":"required name=search_term_string"}],"inLanguage":"pt-BR"},{"@type":"Organization","@id":"https:\/\/enala.com.br\/2023\/#organization","name":"II Enala","url":"https:\/\/enala.com.br\/2023\/","logo":{"@type":"ImageObject","inLanguage":"pt-BR","@id":"https:\/\/enala.com.br\/2023\/#\/schema\/logo\/image\/","url":"https:\/\/mlftgx9lfndb.i.optimole.com\/w:auto\/h:auto\/q:mauto\/f:best\/https:\/\/enala.com.br\/2023\/wp-content\/uploads\/2023\/03\/cropped-LOGO-header.png","contentUrl":"https:\/\/mlftgx9lfndb.i.optimole.com\/w:auto\/h:auto\/q:mauto\/f:best\/https:\/\/enala.com.br\/2023\/wp-content\/uploads\/2023\/03\/cropped-LOGO-header.png","width":202,"height":58,"caption":"II Enala"},"image":{"@id":"https:\/\/enala.com.br\/2023\/#\/schema\/logo\/image\/"},"sameAs":["https:\/\/www.facebook.com\/gedeall.ufal","https:\/\/www.instagram.com\/gedeall.ufal","https:\/\/www.youtube.com\/gedeall"]}]}},"_links":{"self":[{"href":"https:\/\/enala.com.br\/2023\/wp-json\/wp\/v2\/categories\/114"}],"collection":[{"href":"https:\/\/enala.com.br\/2023\/wp-json\/wp\/v2\/categories"}],"about":[{"href":"https:\/\/enala.com.br\/2023\/wp-json\/wp\/v2\/taxonomies\/category"}],"up":[{"embeddable":true,"href":"https:\/\/enala.com.br\/2023\/wp-json\/wp\/v2\/categories\/111"}],"wp:post_type":[{"href":"https:\/\/enala.com.br\/2023\/wp-json\/wp\/v2\/posts?categories=114"}],"curies":[{"name":"wp","href":"https:\/\/api.w.org\/{rel}","templated":true}]}}